[{"@context":"https:\/\/schema.org\/","@type":"NewsArticle","@id":"https:\/\/www.radiotime.it\/2019\/12\/02\/claudio-baglioni-il-nuovo-singolo-gli-anni-piu-belli\/#NewsArticle","mainEntityOfPage":"https:\/\/www.radiotime.it\/2019\/12\/02\/claudio-baglioni-il-nuovo-singolo-gli-anni-piu-belli\/","headline":"Claudio Baglioni: il 3 gennaio 2020 esce il nuovo singolo &#039;Gli anni pi\u00f9 belli&#039;","name":"Claudio Baglioni: il 3 gennaio 2020 esce il nuovo singolo &#039;Gli anni pi\u00f9 belli&#039;","description":"Claudio Baglioni: il 3 gennaio 2020 esce il nuovo singolo &#8216;Gli anni pi\u00f9 belli&#8217; ROMA &#8211; Claudio Baglioni torna con un nuovo emozionante inedito dal titolo &#8216;Gli anni pi\u00f9 belli&#8217;. Una canzone di grande impatto evocativo, su come ricordi, passioni ed emozioni del passato continuano a vivere e ad alimentare attese, desideri e sogni del [&hellip;]","datePublished":"2019-12-02","dateModified":"2019-12-02","author":{"@type":"Person","@id":"https:\/\/www.radiotime.it\/author\/n-scaletti\/#Person","name":"Nicol\u00f2 Scaletti","url":"https:\/\/www.radiotime.it\/author\/n-scaletti\/","identifier":25,"image":{"@type":"ImageObject","@id":"https:\/\/secure.gravatar.com\/avatar\/bba1484eb216f149643dfd8dbd9fc0ad?s=96&d=mm&r=g","url":"https:\/\/secure.gravatar.com\/avatar\/bba1484eb216f149643dfd8dbd9fc0ad?s=96&d=mm&r=g","height":96,"width":96}},"publisher":{"@type":"Organization","name":"RADIOTIME","logo":{"@type":"ImageObject","@id":"https:\/\/www.radiotime.it\/wp-content\/uploads\/2020\/02\/Logo_Time_1500-e1580898267395.png","url":"https:\/\/www.radiotime.it\/wp-content\/uploads\/2020\/02\/Logo_Time_1500-e1580898267395.png","width":600,"height":60}},"image":{"@type":"ImageObject","@id":"http:\/\/www.radiotime.it\/wp-content\/uploads\/2019\/12\/press_CB_2019_STUDIO_0506_ph-Alessandro-Dobici_b.jpg","url":"http:\/\/www.radiotime.it\/wp-content\/uploads\/2019\/12\/press_CB_2019_STUDIO_0506_ph-Alessandro-Dobici_b.jpg","height":"1600","width":"1066"},"url":"https:\/\/www.radiotime.it\/2019\/12\/02\/claudio-baglioni-il-nuovo-singolo-gli-anni-piu-belli\/","about":["News"],"wordCount":499,"articleBody":"Claudio Baglioni: il 3 gennaio 2020 esce il nuovo singolo &#8216;Gli anni pi\u00f9 belli&#8217;ROMA &#8211; Claudio Baglioni torna con un nuovo emozionante inedito dal titolo &#8216;Gli anni pi\u00f9 belli&#8217;. Una canzone di grande impatto evocativo, su come ricordi, passioni ed emozioni del passato continuano a vivere e ad alimentare attese, desideri e sogni del presente e del futuro. \u201cGli anni pi\u00f9 belli\u201d \u00e8 il brano che d\u00e0 il titolo al nuovo film di Gabriele Muccino, nelle sale cinematografiche dal 13 febbraio 2020.Da\u201cGli anni pi\u00f9 belli\u201d sar\u00e0 in radio e disponibile in digitale dal 3 gennaio 2020, ma dal 9 dicembre sar\u00e0 gi\u00e0 possibile il pre-save del brano. La canzone \u00e8 una delle dodici tracce che compongono il nuovo album di inediti di CLAUDIO BAGLIONI, in uscita nella primavera 2020.Claudio Baglioni: il nuovo singolo &#8216;Gli anni pi\u00f9 belli&#8217;Dodici canzoni, come le dodici note materia prima dell\u2019ineguagliabile sogno della musica e come le serate di \u201cDODICI NOTE\u201d, tutti i classici di Claudio Baglioni, per la prima volta in un\u2019inedita e raffinata dimensione classica: grande voce, solisti d\u2019eccezione, grande orchestra e coro.Ma \u201cDODICI NOTE\u201d \u00e8 anche una \u2018prima nella prima\u2019: per la prima volta in assoluto, infatti, la stagione estiva dell\u2019Opera di Roma alle Terme di Caracalla ospiter\u00e0 dodici serate consecutive dello stesso artista. Fino a oggi, nessuno si era esibito per dodici spettacoli di fila, in questo spazio letteralmente unico al mondo, nel quale storia, arte e bellezza si fondono in una magia che non ha eguali.50 anni vissuti in musica, 60 milioni di copie vendute in tutto il mondo. Sono i numeri essenziali di una carriera unica e irripetibile: quella di CLAUDIO BAGLIONI, musicista, autore, interprete, che, dalla fine degli anni Sessanta a oggi, \u00e8 riuscito a conquistare una generazione dopo l\u2019altra, grazie a un repertorio pop, melodico e raffinato, nel quale ha saputo fondere canzone d\u2019autore e rock, sonorit\u00e0 internazionali, world music e jazz, rivoluzionando il concetto stesso di performance live \u2013 il primo a inaugurare la stagione dei grandi raduni negli stadi e ancora il primo, nel 1991, a \u201cfar scomparire il palco\u201d e portare la scena al centro delle Arene pi\u00f9 importanti e prestigiose d\u2019Italia \u2013 in ambito musicale, sociale e televisivo.Queste le date di \u201cDODICI NOTE\u201d, prodotte e organizzate da Friends &amp; Partners in collaborazione con il Teatro dell\u2019Opera di Roma:6 giugno \u2013 Terme di Caracalla \u2013 ROMA7 giugno \u2013 Terme di Caracalla \u2013 ROMA8 giugno \u2013 Terme di Caracalla \u2013 ROMA9 giugno \u2013 Terme di Caracalla \u2013 ROMA10 giugno \u2013 Terme di Caracalla \u2013 ROMA11 giugno \u2013 Terme di Caracalla \u2013 ROMA13 giugno \u2013 Terme di Caracalla \u2013 ROMA14 giugno \u2013 Terme di Caracalla \u2013 ROMA15 giugno \u2013 Terme di Caracalla \u2013 ROMA16 giugno \u2013 Terme di Caracalla \u2013 ROMA17 giugno \u2013 Terme di Caracalla \u2013 ROMA18 giugno \u2013 Terme di Caracalla \u2013 ROMABiglietti disponibili in prevendita su TicketOne.it, nei punti vendita e nelle prevendite abituali (tutte le info su www.friendsandpartners.it)."},{"@context":"https:\/\/schema.org\/","@type":"BreadcrumbList","itemListElement":[{"@type":"ListItem","position":1,"name":"2019","item":"https:\/\/www.radiotime.it\/2019\/#breadcrumbitem"},{"@type":"ListItem","position":2,"name":"12","item":"https:\/\/www.radiotime.it\/2019\/\/12\/#breadcrumbitem"},{"@type":"ListItem","position":3,"name":"02","item":"https:\/\/www.radiotime.it\/2019\/\/12\/\/02\/#breadcrumbitem"},{"@type":"ListItem","position":4,"name":"Claudio Baglioni: il 3 gennaio 2020 esce il nuovo singolo &#039;Gli anni pi\u00f9 belli&#039;","item":"https:\/\/www.radiotime.it\/2019\/12\/02\/claudio-baglioni-il-nuovo-singolo-gli-anni-piu-belli\/#breadcrumbitem"}]}]