[{"@context":"https:\/\/schema.org\/","@type":"NewsArticle","@id":"https:\/\/www.radiotime.it\/2019\/12\/18\/carmen-consoli-festeggia-25-anni-di-carriera-allarena-di-verona\/#NewsArticle","mainEntityOfPage":"https:\/\/www.radiotime.it\/2019\/12\/18\/carmen-consoli-festeggia-25-anni-di-carriera-allarena-di-verona\/","headline":"Carmen Consoli festeggia 25 anni di carriera con un grande concerto all\u2019Arena di Verona","name":"Carmen Consoli festeggia 25 anni di carriera con un grande concerto all\u2019Arena di Verona","description":"25 anni Mediamente Isterici che hanno fatto la rivoluzione: sono gli anni di carriera di\u00a0Carmen Consoli\u00a0che, tra testi ricercati, sarcasmo esasperato e capacit\u00e0 di dipingere le parole, la cantautrice siciliana festegger\u00e0 nel 2020 con un concerto-evento spettacolare il prossimo\u00a025 agosto all\u2019Arena di Verona\u00a0(prodotto e organizzato da OTR). Una data senza repliche in cui l\u2019artista, immagine [&hellip;]","datePublished":"2019-12-18","dateModified":"2019-12-18","author":{"@type":"Person","@id":"https:\/\/www.radiotime.it\/author\/n-scaletti\/#Person","name":"Nicol\u00f2 Scaletti","url":"https:\/\/www.radiotime.it\/author\/n-scaletti\/","identifier":25,"image":{"@type":"ImageObject","@id":"https:\/\/secure.gravatar.com\/avatar\/bba1484eb216f149643dfd8dbd9fc0ad?s=96&d=mm&r=g","url":"https:\/\/secure.gravatar.com\/avatar\/bba1484eb216f149643dfd8dbd9fc0ad?s=96&d=mm&r=g","height":96,"width":96}},"publisher":{"@type":"Organization","name":"RADIOTIME","logo":{"@type":"ImageObject","@id":"https:\/\/www.radiotime.it\/wp-content\/uploads\/2020\/02\/Logo_Time_1500-e1580898267395.png","url":"https:\/\/www.radiotime.it\/wp-content\/uploads\/2020\/02\/Logo_Time_1500-e1580898267395.png","width":600,"height":60}},"image":{"@type":"ImageObject","@id":"http:\/\/www.radiotime.it\/wp-content\/uploads\/2019\/12\/190621-Consoli-Desio-02-752x440.jpg","url":"http:\/\/www.radiotime.it\/wp-content\/uploads\/2019\/12\/190621-Consoli-Desio-02-752x440.jpg","height":"440","width":"752"},"url":"https:\/\/www.radiotime.it\/2019\/12\/18\/carmen-consoli-festeggia-25-anni-di-carriera-allarena-di-verona\/","about":["News e Concerti"],"wordCount":479,"articleBody":"25 anni Mediamente Isterici che hanno fatto la rivoluzione: sono gli anni di carriera di\u00a0Carmen Consoli\u00a0che, tra testi ricercati, sarcasmo esasperato e capacit\u00e0 di dipingere le parole, la cantautrice siciliana festegger\u00e0 nel 2020 con un concerto-evento spettacolare il prossimo\u00a025 agosto all\u2019Arena di Verona\u00a0(prodotto e organizzato da OTR).Una data senza repliche in cui l\u2019artista, immagine del rock femminile in Italia, sar\u00e0 accompagnata dalla sua iconica fender rosa e dai\u00a0tanti colleghi e amici che l\u2019hanno affiancata nel suo straordinario viaggio artistico, ripercorrendo una pagina di musica e successi senza uguali.I primi ospiti annunciati dell\u2019atteso evento sono\u00a0Samuele Bersani e Max Gazz\u00e8, geniali artisti e affiatati \u2018complici\u2019, e\u00a0molti altri se ne aggiungeranno nel corso di questi mesi\u00a0(i biglietti sono gi\u00e0 disponibili su\u00a0ticketone.it).Quello di Carmen \u00e8 un\u00a0viaggio partito nel 1995 da Catania\u00a0e proseguito in tutto il mondo. Una carriera costellata di eccezionali primati: nel 2003 \u00e8 stata la prima artista a calcare il palco dello Stadio Olimpico di Roma, ha partecipato come sola rappresentante italiana alle celebrazioni in Etiopia per la scomparsa di Bob Marley, ha segnato, con l\u2019ultimo tour, 4 sold out a New York, \u00e8 stata la prima donna a vincere la Targa Tenco nella categoria Miglior Album con \u201cElettra\u201d e anche la prima donna a rivestire il ruolo di Maestro Concertatore per il Concerto della Notte della Taranta, solo una piccola parte di quello che sono stati questi 25 anni di carriera in musica.Carmen Consoli continua a essere un esempio di unicit\u00e0 canora, compositiva, interpretativa e autorale. Una Cantautrice che \u00e8 riuscita a evolversi pur rimanendo sempre fedele a s\u00e9 stessa. Dall\u2019Ultimo Bacio a AAA Cercasi, da Eva contro Eva a Elettra, dall\u2019anima rock di Mediamente Isterica, quello che lei definisce \u201calbum della vita\u201d ai suoi progetti pi\u00f9 acustici come \u201cEco di Sirene\u201d.Quello che sta per iniziare sar\u00e0 cos\u00ec un\u00a0nuovo anno importante\u00a0che vedr\u00e0 l\u2019uscita di un album di inediti e, a seguire, il grande concerto all\u2019Arena di Verona con oltre 3 ore di musica dove andranno in scena le due anime musicali di Carmen Consoli. Carmen sar\u00e0 accompagnata da un\u2019orchestra di 50 elementi che vestiranno di nuovo i brani dell\u2019artista, un meraviglioso esperimento portato in scena del 2001 a Taormina con \u201cL\u2019anfiteatro e la bambina impertinente\u201d, e dalla sua storica rock band.\u00a0 Per il live all\u2019Arena di Verona Carmen regaler\u00e0 al pubblico le sue due anime musicali, che insieme sono l\u2019eccezione che l\u2019ha resa unica nel panorama cantautorale italiano ed internazionale in questi 25 anni di carriera.L\u2019anello di congiunzione tra questi due momenti molto diversi tra di loro sar\u00e0 la partecipazione straordinaria di artisti e colleghi che in questi anni hanno condiviso con lei canzoni e palchi.La prevendite dei biglietti saranno attive su Ticketone.it da\u00a0domani\u00a018 dicembre alle 11:00."},{"@context":"https:\/\/schema.org\/","@type":"BreadcrumbList","itemListElement":[{"@type":"ListItem","position":1,"name":"2019","item":"https:\/\/www.radiotime.it\/2019\/#breadcrumbitem"},{"@type":"ListItem","position":2,"name":"12","item":"https:\/\/www.radiotime.it\/2019\/\/12\/#breadcrumbitem"},{"@type":"ListItem","position":3,"name":"18","item":"https:\/\/www.radiotime.it\/2019\/\/12\/\/18\/#breadcrumbitem"},{"@type":"ListItem","position":4,"name":"Carmen Consoli festeggia 25 anni di carriera con un grande concerto all\u2019Arena di Verona","item":"https:\/\/www.radiotime.it\/2019\/12\/18\/carmen-consoli-festeggia-25-anni-di-carriera-allarena-di-verona\/#breadcrumbitem"}]}]