[{"@context":"https:\/\/schema.org\/","@type":"NewsArticle","@id":"https:\/\/www.radiotime.it\/2019\/12\/27\/la-fondazione-federico-ii-porta-il-natale-in-strada\/#NewsArticle","mainEntityOfPage":"https:\/\/www.radiotime.it\/2019\/12\/27\/la-fondazione-federico-ii-porta-il-natale-in-strada\/","headline":"LA FONDAZIONE FEDERICO II PORTA IL NATALE IN STRADA","name":"LA FONDAZIONE FEDERICO II PORTA IL NATALE IN STRADA","description":"Piazza del Parlamento \u00e8 sempre pi\u00f9 al centro della citt\u00e0 e in particolare del Cassaro. In questa piazza, il 27 dicembre alle 21, si terr\u00e0 Natale in strada. Sonata siciliana, organizzato dalla Fondazione Federico II e dall\u2019Assemblea Regionale Siciliana con il coinvolgimento dell\u2019Associazione Alto Cassaro. LA FONDAZIONE FEDERICO II PORTA IL NATALE IN STRADA Uno [&hellip;]","datePublished":"2019-12-27","dateModified":"2019-12-27","author":{"@type":"Person","@id":"https:\/\/www.radiotime.it\/author\/n-scaletti\/#Person","name":"Nicol\u00f2 Scaletti","url":"https:\/\/www.radiotime.it\/author\/n-scaletti\/","identifier":25,"image":{"@type":"ImageObject","@id":"https:\/\/secure.gravatar.com\/avatar\/bba1484eb216f149643dfd8dbd9fc0ad?s=96&d=mm&r=g","url":"https:\/\/secure.gravatar.com\/avatar\/bba1484eb216f149643dfd8dbd9fc0ad?s=96&d=mm&r=g","height":96,"width":96}},"publisher":{"@type":"Organization","name":"RADIOTIME","logo":{"@type":"ImageObject","@id":"https:\/\/www.radiotime.it\/wp-content\/uploads\/2020\/02\/Logo_Time_1500-e1580898267395.png","url":"https:\/\/www.radiotime.it\/wp-content\/uploads\/2020\/02\/Logo_Time_1500-e1580898267395.png","width":600,"height":60}},"image":{"@type":"ImageObject","@id":"http:\/\/www.radiotime.it\/wp-content\/uploads\/2019\/12\/Natale_strada_locandina-1.jpg","url":"http:\/\/www.radiotime.it\/wp-content\/uploads\/2019\/12\/Natale_strada_locandina-1.jpg","height":"1227","width":"2699"},"url":"https:\/\/www.radiotime.it\/2019\/12\/27\/la-fondazione-federico-ii-porta-il-natale-in-strada\/","about":["Eventi","News"],"wordCount":442,"articleBody":"Piazza del Parlamento \u00e8 sempre pi\u00f9 al centro della citt\u00e0 e in particolare del Cassaro. In questa piazza, il 27 dicembre alle 21, si terr\u00e0 Natale in strada. Sonata siciliana, organizzato dalla Fondazione Federico II e dall\u2019Assemblea Regionale Siciliana con il coinvolgimento dell\u2019Associazione Alto Cassaro.LA FONDAZIONE FEDERICO II PORTA IL NATALE IN STRADAUno spettacolo sulla musica popolare siciliana che affonda le proprie radici nelle \u201celegie\u201d e negli inni sacri introdotti dai greci e dagli arabi e, successivamente dalla musica strumentale nata e valorizzatasi durante la denominazione normanna. Un aspetto ancora da valorizzare rimaneva la lingua siciliana nel suo legame con i greci e i latini, innovazione di quella che fu la Scuola poetica siciliana.Sar\u00e0 l\u2019icona del giornalismo musicale ed emiliano doc, Red Ronnie, a condurre con Massimo Minutella, pronto a tradurre il senso dei testi cantati tutti in lingua siciliana.Sul palco si esibiranno Mario Incudine, I Lautari, Peppe Qbeta e i Sei Ottavi accompagnati dalla LAB Orchestra diretta da Antonio Zarcone. Previste anche le incursioni di Marcello Mordino.\u201cNon \u00e8 casuale \u2013 ha detto il presidente dell\u2019Assemblea Regionale Siciliana Gianfranco Miccich\u00e8 \u2013 che l\u2019evento si tenga con lo sfondo di Palazzo Reale, ormai diventato attrattore culturale ed in grado di sviluppare significati culturali e storici custoditi al proprio interno. Ogni attivit\u00e0 degli ultimi ventitr\u00e9 mesi ha contribuito a rispolverare il ruolo del\u00a0Castrum\u00a0all\u2019interno della citt\u00e0 e del Cassaro, nonch\u00e9 ad avvicinare l\u2019Istituzione e il territorio\u201d.\u201cAbbiamo voluto un Natale all\u2019insegna delle nostre radici \u2013 ha affermato Patrizia Monterosso, direttore generale della Fondazione Federico II \u2013 e lo abbiamo voluto non a caso all\u2019interno del Cassaro, asse identitario della citt\u00e0 sotto il profilo storico culturale e al contempo polo cosmopolita. Piazza del Parlamento si trova all\u2019interno del Cassaro e ne \u00e8 parte integrante. Siamo orgogliosi pertanto di condividere questo momento con l\u2019Associazione Alto Cassaro, impegnata quotidianamente sul territorio, che sta vivendo con genuino entusiasmo questo evento natalizio da cui emerge finalmente la centralit\u00e0 del Cassaro nella geografia cittadina\u201d.\u201cL\u2019apertura del portone monumentale di Palazzo Reale su Piazza del Parlamento \u2013 ha dichiarato Giovanna Analdi, presidente dell\u2019Associazione Alto Cassaro \u2013 ha avuto il merito di prolungare i flussi del Cassaro. La vivacit\u00e0 culturale della Fondazione Federico II rende vibrante il Cassaro e non possiamo che essere grati. La collaborazione tra Associazione Alto Cassaro e Fondazione non \u00e8 sporadica ma consolidata e costante. Saremo presenti con entusiasmo al Natale in Strada\u201d.L\u2019evento sar\u00e0 trasmesso in diretta sui social della Fondazione Federico II, sulla pagina di Red Ronnie (130.000 follower) e in diretta su Radio Time."},{"@context":"https:\/\/schema.org\/","@type":"BreadcrumbList","itemListElement":[{"@type":"ListItem","position":1,"name":"2019","item":"https:\/\/www.radiotime.it\/2019\/#breadcrumbitem"},{"@type":"ListItem","position":2,"name":"12","item":"https:\/\/www.radiotime.it\/2019\/\/12\/#breadcrumbitem"},{"@type":"ListItem","position":3,"name":"27","item":"https:\/\/www.radiotime.it\/2019\/\/12\/\/27\/#breadcrumbitem"},{"@type":"ListItem","position":4,"name":"LA FONDAZIONE FEDERICO II PORTA IL NATALE IN STRADA","item":"https:\/\/www.radiotime.it\/2019\/12\/27\/la-fondazione-federico-ii-porta-il-natale-in-strada\/#breadcrumbitem"}]}]