[{"@context":"https:\/\/schema.org\/","@type":"NewsArticle","@id":"https:\/\/www.radiotime.it\/2020\/01\/05\/72-anni-fa-nasceva-peppino-impastato\/#NewsArticle","mainEntityOfPage":"https:\/\/www.radiotime.it\/2020\/01\/05\/72-anni-fa-nasceva-peppino-impastato\/","headline":"72 anni fa nasceva Peppino Impastato","name":"72 anni fa nasceva Peppino Impastato","description":"PEPPINO IMPASTATO NASCEVA A CINISI IL 5 GENNAIO 1948 E, OGGI, AVREBBE COMPIUTO 73 ANNI. Nel giorno del suo compleanno, ricordiamo un uomo che ha creduto pi\u00f9 nel coraggio che nella paura: Peppino Impastato. La sua preziosa vita \u2013 spezzata per vile mano mafiosa a soli 30 anni \u2013 \u00e8 stata dedita alla giustizia, all\u2019impegno [&hellip;]","datePublished":"2020-01-05","dateModified":"2022-07-09","author":{"@type":"Person","@id":"https:\/\/www.radiotime.it\/author\/staff\/#Person","name":"staff","url":"https:\/\/www.radiotime.it\/author\/staff\/","identifier":8,"image":{"@type":"ImageObject","@id":"https:\/\/secure.gravatar.com\/avatar\/8f004fcfadece6f5f68f901a61253afb?s=96&d=mm&r=g","url":"https:\/\/secure.gravatar.com\/avatar\/8f004fcfadece6f5f68f901a61253afb?s=96&d=mm&r=g","height":96,"width":96}},"publisher":{"@type":"Organization","name":"RADIOTIME","logo":{"@type":"ImageObject","@id":"https:\/\/www.radiotime.it\/wp-content\/uploads\/2020\/02\/Logo_Time_1500-e1580898267395.png","url":"https:\/\/www.radiotime.it\/wp-content\/uploads\/2020\/02\/Logo_Time_1500-e1580898267395.png","width":600,"height":60}},"image":{"@type":"ImageObject","@id":"https:\/\/www.radiotime.it\/wp-content\/uploads\/2021\/01\/Peppino-Impastato-foto-300x216.jpg","url":"https:\/\/www.radiotime.it\/wp-content\/uploads\/2021\/01\/Peppino-Impastato-foto-300x216.jpg","height":"","width":""},"url":"https:\/\/www.radiotime.it\/2020\/01\/05\/72-anni-fa-nasceva-peppino-impastato\/","video":{"@context":"http:\/\/schema.org\/","@type":"VideoObject","@id":"https:\/\/www.youtube.com\/watch?v=KUpcxdg2Iqs#VideoObject","contentUrl":"https:\/\/www.youtube.com\/watch?v=KUpcxdg2Iqs","name":"Modena City Ramblers - I Cento Passi","description":"Forza Livorno. Fino all'ultimo bandito. Celtic and Livorno forever.","thumbnailUrl":["https:\/\/i.ytimg.com\/vi\/KUpcxdg2Iqs\/default.jpg","https:\/\/i.ytimg.com\/vi\/KUpcxdg2Iqs\/mqdefault.jpg","https:\/\/i.ytimg.com\/vi\/KUpcxdg2Iqs\/hqdefault.jpg"],"uploadDate":"2006-09-24T11:15:53+00:00","duration":"PT4M26S","embedUrl":"https:\/\/www.youtube.com\/embed\/KUpcxdg2Iqs","publisher":{"@type":"Organization","@id":"https:\/\/www.youtube.com\/channel\/UC1yoiDiNXDelH2dEYiYR4WA#Organization","url":"https:\/\/www.youtube.com\/channel\/UC1yoiDiNXDelH2dEYiYR4WA","name":"venceremos","description":"","logo":{"url":"https:\/\/yt3.ggpht.com\/ytc\/AIdro_mv151u7OZjNq8gmgCaLMkgydvySeWWRCzAYw948gggFg=s800-c-k-c0x00ffffff-no-rj","width":800,"height":800,"@type":"ImageObject","@id":"https:\/\/www.youtube.com\/watch?v=KUpcxdg2Iqs#VideoObject_publisher_logo_ImageObject"}},"potentialAction":{"@type":"SeekToAction","@id":"https:\/\/www.youtube.com\/watch?v=KUpcxdg2Iqs#VideoObject_potentialAction","target":"https:\/\/www.youtube.com\/watch?v=KUpcxdg2Iqs&t={seek_to_second_number}","startOffset-input":"required name=seek_to_second_number"},"interactionStatistic":[[{"@type":"InteractionCounter","@id":"https:\/\/www.youtube.com\/watch?v=KUpcxdg2Iqs#VideoObject_interactionStatistic_WatchAction","interactionType":{"@type":"WatchAction"},"userInteractionCount":13914972}]]},"about":["cultura","I Fatti Del Giorno"],"wordCount":677,"keywords":["#cinisi","#impastato","#nomafia","#peppino","compleanno"],"articleBody":"PEPPINO IMPASTATO NASCEVA A CINISI IL 5 GENNAIO 1948 E, OGGI, AVREBBE COMPIUTO 73 ANNI.Nel giorno del suo compleanno, ricordiamo un uomo che ha creduto pi\u00f9 nel coraggio che nella paura: Peppino Impastato. La sua preziosa vita \u2013 spezzata per vile mano mafiosa a soli 30 anni \u2013 \u00e8 stata dedita alla giustizia, all\u2019impegno sociale e alla lotta alla mafia. Scelte complicate e coraggiose hanno allontanato Peppino Impastato da un destino familiare, apparentemente, segnato. Nella sua battaglia contro la criminalit\u00e0 organizzata si\u00a0 \u00e8 ritrovato a dover combattere anche con la sua stessa famiglia collegata ad ambienti mafiosi. A soli 15 anni, presa coscienza del fenomeno mafioso a seguito del brutale assassinio di Cesare Manzella (marito della zia paterna), ha deciso di prendere le distanze dai consigli e dal codice comportamentale del padre Luigi, capo del piccolo clan e membro di un clan pi\u00f9 vasto, che lo ha cacciato via di casa.Peppino Impastato, all\u2019et\u00e0 di 17 anni, ha cominciato a muovere i primi passi nel giornalismo, fondando il giornalino (poi sequestrato) \u201cL\u2019idea socialista\u201d e ha preso parte al mondo politico, aderendo al PSIUP. Come dichiarato dallo stesso Impastato in un\u2019autobiografia:\u00a0\u201cApprodai al PSIUP con la rabbia e la disperazione di chi, al tempo stesso, vuole rompere tutto e cerca protezione\u2026 Arrivai alla politica nel lontano novembre del \u201965, su basi puramente emozionali: a partire cio\u00e8 da una mia esigenza di reagire ad una condizione familiare ormai divenuta insostenibile\u201d.\u00a0LA RADIO E LA CULTURA DI PEPPINO IMPASTATOIl giovane cinisaro Impastato ha creduto molto nei concetti di unione e di aggregazione ispirati all\u2019arte. Infatti, proprio \u201cMusica e Cultura\u201d era il circolo da lui organizzato nel 1975 che mirava ad essere un punto di ritrovo e di riferimento per i giovani di Cinisi(PA). Anche la radio ha avuto un ruolo fondamentale nel desiderio di giustizia di Peppino il quale, due anni dopo, ha fondato l\u2019emittente autofinanziata \u201cRadio Aut\u201d avente l\u2019obiettivo di scuotere coscienze e di denunciare i loschi affari della politica e della mafia locale. Non le mandavano a dire i ragazzi di Radio Aut che con la controinformazione e la satira hanno cercato di aprire gli occhi, a costo della loro vita. Il programma satirico di Peppino, \u201cOnda pazza a Mafiopoli\u201d, era il pi\u00f9 seguito a Cinisi e quello che ha fatto infuriare Tano Badalamenti, boss e mandante dell\u2019omicidio di Peppino, appellato nella trasmissione con \u201cTano Seduto\u201d.Erano scomode e lungimiranti le idee di Peppino Impastato che ha vissuto per il giornalismo ma anche per la politica che tanto avrebbe voluto rivoluzionare. Non gli \u00e8 stato dato, per\u00f2, il tempo di poterlo fare perch\u00e8 \u2013 nel maggio 1978, qualche giorno prima delle elezioni comunali alle quali aveva partecipato \u2013 \u00e8 stato fatto fuori dalla mafia con una carica di tritolo collocata lungo i binari della ferrovia di Cinisi. Dopo tanti anni, la giustizia italiana in cui ha creduto fermamente la madre di Peppino, \u00e8 riuscita a ridare onore e dignit\u00e0 al figlio che, tramite depistaggi, avrebbero voluto far passare come un attentatore-suicida. Il 5 marzo 2001, infatti, la Corte d\u2019assise ha riconosciuto Vito Palazzolo colpevole e lo ha condannato a trent\u2019anni di reclusione. L\u201911 aprile 2002, anche Gaetano Badalamenti (\u201cTano Seduto\u201d) \u00e8 stato riconosciuto colpevole e condannato all\u2019ergastolo.I CENTO PASSI DI PEPPINO IMPASTATOL\u2019arte e la bellezza in cui credeva Peppino contribuiscono a tenere in vita i suoi ideali. Sia il cinema che la musica formano coscienze. Tra le innumerevoli iniziative e le svariate opere artistiche non possiamo non ricordare \u201cI cento passi\u201d, film di Marco Tullio Giordana con protagonista il palermitano Luigi Lo Cascio nel ruolo di Peppino. Cos\u00ec come vale la pena menzionare l\u2019omonima canzone dei Modena City Ramblers. Quei cento passi rappresenterebbero in modo figurato la distanza tra la casa di Peppino Impastato e quella del boss Tano Badalamenti. Una distanza per riflettere su cosa sia il bene e su cosa sia la mafia, una distanza per urlare nel nostro cuore che \u201cla mafia \u00e8 una montagna di merda\u201d."},{"@context":"https:\/\/schema.org\/","@type":"BreadcrumbList","itemListElement":[{"@type":"ListItem","position":1,"name":"2020","item":"https:\/\/www.radiotime.it\/2020\/#breadcrumbitem"},{"@type":"ListItem","position":2,"name":"01","item":"https:\/\/www.radiotime.it\/2020\/\/01\/#breadcrumbitem"},{"@type":"ListItem","position":3,"name":"05","item":"https:\/\/www.radiotime.it\/2020\/\/01\/\/05\/#breadcrumbitem"},{"@type":"ListItem","position":4,"name":"72 anni fa nasceva Peppino Impastato","item":"https:\/\/www.radiotime.it\/2020\/01\/05\/72-anni-fa-nasceva-peppino-impastato\/#breadcrumbitem"}]}]