[{"@context":"https:\/\/schema.org\/","@type":"NewsArticle","@id":"https:\/\/www.radiotime.it\/2020\/02\/07\/torna-educarnival-il-carnevale-di-palermo\/#NewsArticle","mainEntityOfPage":"https:\/\/www.radiotime.it\/2020\/02\/07\/torna-educarnival-il-carnevale-di-palermo\/","headline":"Torna Educarnival, il Carnevale di Palermo","name":"Torna Educarnival, il Carnevale di Palermo","description":"Torna Educarnival, il Carnevale di Palermo, con pi\u00f9 di 1200 studenti in maschera Al via dal 14 febbraio. Domenica 23, il corteo in maschera insieme ai carri allegorici realizzati dagli studenti, per cui sono attese 30 mila persone Torna dal 14 al 25 febbraio Educarnival, la manifestazione che da sei anni, porta per le strade [&hellip;]","datePublished":"2020-02-07","dateModified":"2020-02-07","author":{"@type":"Person","@id":"https:\/\/www.radiotime.it\/author\/n-scaletti\/#Person","name":"Nicol\u00f2 Scaletti","url":"https:\/\/www.radiotime.it\/author\/n-scaletti\/","identifier":25,"image":{"@type":"ImageObject","@id":"https:\/\/secure.gravatar.com\/avatar\/bba1484eb216f149643dfd8dbd9fc0ad?s=96&d=mm&r=g","url":"https:\/\/secure.gravatar.com\/avatar\/bba1484eb216f149643dfd8dbd9fc0ad?s=96&d=mm&r=g","height":96,"width":96}},"publisher":{"@type":"Organization","name":"RADIOTIME","logo":{"@type":"ImageObject","@id":"https:\/\/www.radiotime.it\/wp-content\/uploads\/2020\/02\/Logo_Time_1500-e1580898267395.png","url":"https:\/\/www.radiotime.it\/wp-content\/uploads\/2020\/02\/Logo_Time_1500-e1580898267395.png","width":600,"height":60}},"image":{"@type":"ImageObject","@id":"http:\/\/www.radiotime.it\/wp-content\/uploads\/2020\/02\/Educarnival-2019_-8.jpg","url":"http:\/\/www.radiotime.it\/wp-content\/uploads\/2020\/02\/Educarnival-2019_-8.jpg","height":"853","width":"1280"},"url":"https:\/\/www.radiotime.it\/2020\/02\/07\/torna-educarnival-il-carnevale-di-palermo\/","about":["News"],"wordCount":840,"keywords":["Carnevale","Comune di Palermo","educarnival","Fabio Giambrone","Giovanna Marano","Marco Anello","scuole di Palermo"],"articleBody":"Torna Educarnival, il Carnevale di Palermo, con pi\u00f9 di 1200 studenti in maschera Al via dal 14 febbraio. Domenica 23, il corteo in maschera insieme ai carri allegorici realizzati dagli studenti, per cui sono attese 30 mila personeTorna dal 14 al 25 febbraio Educarnival, la manifestazione che da sei anni, porta per le strade di Palermo migliaia di studenti delle scuole del territorio, con maschere e carri allegorici, realizzati da loro stessi. \u00c8 nata per rilanciare il Carnevale nel capoluogo siciliano e per permettere agli studenti di esprimere la loro creativit\u00e0, in un progetto educativo e didattico, con una competizione sana, e per restituire alla citt\u00e0 la gioia di vivere il Carnevale, assistendo alle varie iniziative e alla sfilata clou della manifestazione che, sar\u00e0 domenica 23 febbraio, con inizio alle 15.30 da piazza del Parlamento fino a piazza Verdi, che coinvolge pi\u00f9 di 1200 studenti, 50 scuole e per cui sono attese 25-30 mila persone.Tema e programma della VI edizione di EducarnivalIl tema della sesta edizione \u00e8 Tra natura, mito e realt\u00e0 &#8211; Creature fantastiche e dove trovarle. Tra le novit\u00e0, il Ballo del Gattopardo in collaborazione con l\u2019istituzione Tomasi di Lampedusa che sar\u00e0 il 22 febbraio a piazza Verdi. La cerimonia di apertura il 14 febbraio, all\u2019aula magna del liceo classico Vittorio Emanuele II, alle ore 15,30 e proseguir\u00e0 alle 17,30 con la sfilata storica lungo il Cassaro. Sabato 15 febbraio, Educarnival si sposta al centro commerciale La Torre, con performance itineranti in maschera.Venerd\u00ec 21 febbraio, alle 11, un laboratorio teatrale, nell\u2019ambito di Educarnival per l\u2019inclusione, La Biddrina di Castrogiovanni \u2013 U cuntu siciliano, presso la sala Almeyda dell\u2019archivio comunale di Palermo. Alle 15, a La Torre, gara di cocktail dell\u2019istituto Alberghiero con esibizioni musicali. Sabato 22 febbraio, alle 11.30, nell\u2019atrio di Palazzo delle Aquile, laboratorio teatrale. Domenica 23 febbraio, prima della sfilata conclusiva, alle 11.30 a Palazzo delle Aquile, reading teatrale. Luned\u00ec 25 febbraio, dalle 12 alle 18, premiazione della maschere pi\u00f9 belle al centro commerciale La Torre.A sostenere la manifestazione, il Comune di Palermo, Ars, Cral, Centro Commerciale La Torre, Amaro Bruno Ribadi, Gesap, Acqua Sabrinella, Bia Cous Cous, Arpa Sicilia, E-Campus, Italiana Assicurazioni, Spazio Cultura, Confcommercio, Flaccovio Mondadori, Associazione Legalit\u00e0 e sviluppo, Uniterreno Accademia del mare e Arvis fotografi.La presentazione ufficiale a Palazzo delle AquileAlla presentazione, che si \u00e8 svolta a Sala delle Lapidi, al Comune di Palermo, erano presenti il vice sindaco Fabio Giambrone, l\u2019assessora alla Scuola, GiovannaMarano, il dirigente dell\u2019ufficio scolastico provinciale, provveditore Marco Anello, l\u2019organizzatore di Educarnival, Calogero Sciam\u00e8, e per l\u2019amministrazione comunale, Marianna Fiasconaro, capo area settore Scuola del Comune e Salvatore Tallarita, funzionario culturale. A, ancora, il preside Diego Dante Maggioe Vincenzo Cusumano del centro commerciale La Torre, le docenti e dirigenti scolastiche Vanessa Bellanca, direttore artistico della manifestazione, Gloria Casimo, direttore organizzativo, Rosa Vitale, responsabile eventi culturali, Marina Venturella e Loredana Mannina, responsabili della comunicazione e delle pubbliche relazioni.Presenti anche alcune studentesse Sonia Terranova, in maschera da angelo e Melanie Moodelly delle Mauritius, del liceo artistico Catalano, vestita con l&#8217;abito tradizionale e Adele Owusu del 2C liceo artistico Kiyohara, a cui il vice sindaco Fabio Giambrone ha consegnato, in maniera simbolica, le chiavi della citt\u00e0, aprendo ufficialmente la sesta edizione di Educarnival. \u00c8 stata premiata anche la studentessa Aurora Corrao della classe 5H sezione grafica dell\u2019IISG Damiani Almeyda &#8211; Crispi, per la realizzazione del logo di questa edizione, con un progetto coordinato dalle docenti Angela Matranga e Valeria Fici.Le dichiarazioni delle autorit\u00e0 intervenute alla presentazione di EducarnivalIl vice sindaco Fabio Giambrone ha commentato: \u00abIl merito di Educarnival \u00e8 la passione con cui viene realizzata, la sua crescita \u00e8 stata resa possibile dalla perfetta sintonia di pi\u00f9 amministrazioni, l\u2019ufficio scolastico regionale e gli uffici comunali, e tutta la comunit\u00e0 scolastica. La giunta e il sindaco saranno presenti a tutte le iniziative che servono anche a valorizzare il centro storico della citt\u00e0\u00bb.Per Giovanna Marano, assessora alla Scuola: \u00abEducarnival ha avuto il merito di riproporre il Carnevale a Palermo in chiave educativa. Consentendo svago, la possibilit\u00e0 di indossare una maschera, che \u00e8 un gesto liberatorio e permette di giocare con un cambio di ruoli. Ha anche importanti aspetti educativi che sposano quelli dell\u2019amministrazione comunale promuovendo esperienze di inclusione, come il laboratorio educativo dedicato alla disabilit\u00e0. Il tema della sesta edizione \u00e8 la ricerca delle creature fantastiche, bizzarre, antropomorfe, consente la creativit\u00e0 pi\u00f9 sfrenata attraverso gli aspetti storici e artistici, a partire da piazza Pretoria dove ci sono tante creature fantastiche\u00bb.Per il provveditore Marco Anello: \u00abEducarnival \u00e8 cresciuta con l\u2019adesione spontanea delle scuole che hanno colto l\u2019occasione per esprimere qualcosa di s\u00e9. Noi abbiamo avuto solo il merito di crederci e sostenerla e ci siamo limitati solo a governare questa crescita che dal primo anno, a Mondello sotto la pioggia, \u00e8 diventata una manifestazione che punta a fare invidia al Carnevale di Rio. Queste iniziative, che coinvolgono il mondo della scuola, gli studenti e le loro famiglie, fanno bene anche alla citt\u00e0 e alla sua economia\u00bb.Foto di Michele La MantiaLink esterno: https:\/\/www.facebook.com\/educarnival2019\/"},{"@context":"https:\/\/schema.org\/","@type":"BreadcrumbList","itemListElement":[{"@type":"ListItem","position":1,"name":"2020","item":"https:\/\/www.radiotime.it\/2020\/#breadcrumbitem"},{"@type":"ListItem","position":2,"name":"02","item":"https:\/\/www.radiotime.it\/2020\/\/02\/#breadcrumbitem"},{"@type":"ListItem","position":3,"name":"07","item":"https:\/\/www.radiotime.it\/2020\/\/02\/\/07\/#breadcrumbitem"},{"@type":"ListItem","position":4,"name":"Torna Educarnival, il Carnevale di Palermo","item":"https:\/\/www.radiotime.it\/2020\/02\/07\/torna-educarnival-il-carnevale-di-palermo\/#breadcrumbitem"}]}]