[{"@context":"https:\/\/schema.org\/","@type":"NewsArticle","@id":"https:\/\/www.radiotime.it\/2020\/02\/19\/la-geografia-del-buio-nuovo-album-di-michele-bravi\/#NewsArticle","mainEntityOfPage":"https:\/\/www.radiotime.it\/2020\/02\/19\/la-geografia-del-buio-nuovo-album-di-michele-bravi\/","headline":"LA GEOGRAFIA DEL BUIO nuovo album di MICHELE BRAVI","name":"LA GEOGRAFIA DEL BUIO nuovo album di MICHELE BRAVI","description":"MICHELE BRAVI da oggi disponibile il presave e preorder del nuovo album LA GEOGRAFIA DEL BUIO Mercoled\u00ec 19 febbraio 2020. Da oggi \u00e8 possibile presalvare e preordinare LA GEOGRAFIA DEL BUIO\u00a0, il nuovo album di\u00a0Michele Bravi, disponibile in tutte le piattaforme digitali e con il formato fisico a partire da\u00a0venerd\u00ec 20 marzo 2020. LA GEOGRAFIA [&hellip;]","datePublished":"2020-02-19","dateModified":"2020-02-19","author":{"@type":"Person","@id":"https:\/\/www.radiotime.it\/author\/n-scaletti\/#Person","name":"Nicol\u00f2 Scaletti","url":"https:\/\/www.radiotime.it\/author\/n-scaletti\/","identifier":25,"image":{"@type":"ImageObject","@id":"https:\/\/secure.gravatar.com\/avatar\/bba1484eb216f149643dfd8dbd9fc0ad?s=96&d=mm&r=g","url":"https:\/\/secure.gravatar.com\/avatar\/bba1484eb216f149643dfd8dbd9fc0ad?s=96&d=mm&r=g","height":96,"width":96}},"publisher":{"@type":"Organization","name":"RADIOTIME","logo":{"@type":"ImageObject","@id":"https:\/\/www.radiotime.it\/wp-content\/uploads\/2020\/02\/Logo_Time_1500-e1580898267395.png","url":"https:\/\/www.radiotime.it\/wp-content\/uploads\/2020\/02\/Logo_Time_1500-e1580898267395.png","width":600,"height":60}},"image":{"@type":"ImageObject","@id":"http:\/\/www.radiotime.it\/wp-content\/uploads\/2020\/02\/MICHELE-BRAVI_cover_La-geografia-del-buio-min.jpg","url":"http:\/\/www.radiotime.it\/wp-content\/uploads\/2020\/02\/MICHELE-BRAVI_cover_La-geografia-del-buio-min.jpg","height":"3000","width":"3000"},"url":"https:\/\/www.radiotime.it\/2020\/02\/19\/la-geografia-del-buio-nuovo-album-di-michele-bravi\/","about":["News"],"wordCount":257,"articleBody":"MICHELE BRAVIda oggi disponibile il presave e preorder del nuovo albumLA GEOGRAFIA DEL BUIOMercoled\u00ec 19 febbraio 2020. Da oggi \u00e8 possibile presalvare e preordinare LA GEOGRAFIA DEL BUIO\u00a0, il nuovo album di\u00a0Michele Bravi, disponibile in tutte le piattaforme digitali e con il formato fisico a partire da\u00a0venerd\u00ec 20 marzo 2020.LA GEOGRAFIA DEL BUIO nuovo album di MICHELE BRAVIA distanza di tre anni da \u201cAnime di carta\u201d, il disco certificato disco d\u2019oro e contenente il singolo doppio platino \u201cIl diario degli errori\u201d,\u00a0Michele Bravi\u00a0torna con un nuovo progetto musicale, profondamente diverso da tutta la produzione precedente.&#8220;Avere le parole per dire il caos non salva da niente ma almeno disegna il labirinto.LA GEOGRAFIA DEL BUIO\u00a0 \u00e8 un racconto attraverso la ferita del mondo.Una perdita di aderenza dal reale e il tuffo in un\u2019oscurit\u00e0 che racchiude in s\u00e9 la violenza della vita e riscopre nell\u2019amore l\u2019unica salvezza.Un amore che non combatte il male ma che aiuta a disegnarne la geografia.\u201dL\u2019estetica del disco si sviluppa in una sequenza di immagini oniriche e surreali, allucinazioni, che\u00a0Michele\u00a0racconta attraverso le parole e la musica. Si susseguono suggestioni evocative che rimandano a una realt\u00e0 stravolta e a un profondo dolore che avvolge, immerge e nasconde ogni cosa come una profonda coltre di nebbia. Il concept dell&#8217;album \u00e8 caricato di grande drammaticit\u00e0, \u00e8 come se la realt\u00e0 si palesasse sotto forma di rappresentazione teatrale, dove la separazione tra spettatori e attori \u00e8 un limite invalicabile."},{"@context":"https:\/\/schema.org\/","@type":"BreadcrumbList","itemListElement":[{"@type":"ListItem","position":1,"name":"2020","item":"https:\/\/www.radiotime.it\/2020\/#breadcrumbitem"},{"@type":"ListItem","position":2,"name":"02","item":"https:\/\/www.radiotime.it\/2020\/\/02\/#breadcrumbitem"},{"@type":"ListItem","position":3,"name":"19","item":"https:\/\/www.radiotime.it\/2020\/\/02\/\/19\/#breadcrumbitem"},{"@type":"ListItem","position":4,"name":"LA GEOGRAFIA DEL BUIO nuovo album di MICHELE BRAVI","item":"https:\/\/www.radiotime.it\/2020\/02\/19\/la-geografia-del-buio-nuovo-album-di-michele-bravi\/#breadcrumbitem"}]}]