[{"@context":"https:\/\/schema.org\/","@type":"NewsArticle","@id":"https:\/\/www.radiotime.it\/2020\/03\/08\/festa-della-donna-perche-viene-festeggiata-l8-marzo\/#NewsArticle","mainEntityOfPage":"https:\/\/www.radiotime.it\/2020\/03\/08\/festa-della-donna-perche-viene-festeggiata-l8-marzo\/","headline":"Festa della donna: perch\u00e8 viene festeggiata l&#8217;8 marzo","name":"Festa della donna: perch\u00e8 viene festeggiata l&#8217;8 marzo","description":"La Giornata Internazionale della donna ricorre l&#8217;8 marzo e le sue origini risalgono al 1900. La Festa della donna o Giornata Internazionale della donna \u00e8 certamente una ricorrenza importante che ha lo scopo di non far dimenticare le conquiste sociali, politiche ed economiche conseguite dalle donne nel corso del tempo. L&#8217;idea della giornata pare sia [&hellip;]","datePublished":"2020-03-08","dateModified":"2022-09-01","author":{"@type":"Person","@id":"https:\/\/www.radiotime.it\/author\/staff\/#Person","name":"staff","url":"https:\/\/www.radiotime.it\/author\/staff\/","identifier":8,"image":{"@type":"ImageObject","@id":"https:\/\/secure.gravatar.com\/avatar\/8f004fcfadece6f5f68f901a61253afb?s=96&d=mm&r=g","url":"https:\/\/secure.gravatar.com\/avatar\/8f004fcfadece6f5f68f901a61253afb?s=96&d=mm&r=g","height":96,"width":96}},"publisher":{"@type":"Organization","name":"RADIOTIME","logo":{"@type":"ImageObject","@id":"https:\/\/www.radiotime.it\/wp-content\/uploads\/2020\/02\/Logo_Time_1500-e1580898267395.png","url":"https:\/\/www.radiotime.it\/wp-content\/uploads\/2020\/02\/Logo_Time_1500-e1580898267395.png","width":600,"height":60}},"image":{"@type":"ImageObject","@id":"https:\/\/www.radiotime.it\/wp-content\/uploads\/2020\/01\/Logo_Time_140.png","url":"https:\/\/www.radiotime.it\/wp-content\/uploads\/2020\/01\/Logo_Time_140.png","width":100,"height":100},"url":"https:\/\/www.radiotime.it\/2020\/03\/08\/festa-della-donna-perche-viene-festeggiata-l8-marzo\/","about":["cultura","I Fatti Del Giorno","News"],"wordCount":371,"keywords":["#donne #festa","#mimosa","#womansday","#world"],"articleBody":"La Giornata Internazionale della donna ricorre l&#8217;8 marzo e le sue origini risalgono al 1900.La Festa della donna o Giornata Internazionale della donna \u00e8 certamente una ricorrenza importante che ha lo scopo di non far dimenticare le conquiste sociali, politiche ed economiche conseguite dalle donne nel corso del tempo.L&#8217;idea della giornata pare sia nata negli Stati Uniti nel 1909 anno che coincide con le manifestazioni delle donne per rivendicare il proprio diritto al voto. Soltanto l\u2019anno seguente, nel 1910, fu l\u2019attivista tedesca Clara Zetkin a rilanciare la proposta a Copenaghen durante la Conferenza internazionale delle donne socialiste per il rispetto dei diritti femminili. Le tanto anelate celebrazioni, per\u00f2, si dovettero interrompere a causa dell\u2019inizio della Prima Guerra Mondiale.La scelta di un\u2019unica data per celebrare in tutto il mondo la giornata delle Donne poi ricaduta sull&#8217;8 marzo\u00a0 \u00e8 frutto della Seconda conferenza delle donne comuniste, tenutasi a Mosca nel 1921.Perch\u00e8 proprio l&#8217;8 marzo?Molto dibattuto \u00e8 il motivo del perch\u00e8 sia stato scelto proprio l&#8217;8 marzo, le tradizioni principali sull&#8217;origine sono due: la pi\u00f9 accreditata pare sia quella legata alla memoria della manifestazione contro lo zarismo delle donne di San Pietroburgo avvenuta nel 1917. Secondo altra tradizione, invece, per non dimenticare il drammatico incidente accaduto a New York nel 1908, nel quale alcune operaie di una fabbrica tessile, chiuse nello stabilimento dal padrone per reprimere il loro sciopero, avrebbero perso la vita a causa di un incendio. Di questo avvenimento, per\u00f2, non \u00e8 mai stata attestata la veridicit\u00e0.Una giornata istituita da Vladimir Lenin nel 1922 e che, fino agli anni Settanta, veniva festeggiata principalmente nell&#8217;Unione Sovietica e in Cina. Soltanto nel 1977, divenne una data mondiale grazie all&#8217;Assemblea generale delle Nazioni Unite che propose a ogni nazione, nel rispetto dei costumi locali, di dichiarare un giorno all\u2019anno &#8220;Giornata delle\u00a0Nazioni Unite per i diritti delle Donne e per la pace\u00a0internazionale&#8221; (&#8220;United Nations Day for Women&#8217;s Rights and\u00a0International\u00a0Peace&#8220;).Perch\u00e9 la mimosa \u00e8 il fiore simbolo?Per iniziativa dell\u2019Unione delle Donne in Italia (UDI), non a caso la scelta del simbolo dell\u20198 marzo \u00e8 ricaduta sulla mimosa in quanto questo fiore \u00e8 quello da poter reperire pi\u00f9 facilmente allo sbocciare della primavera.&nbsp;"},{"@context":"https:\/\/schema.org\/","@type":"BreadcrumbList","itemListElement":[{"@type":"ListItem","position":1,"name":"2020","item":"https:\/\/www.radiotime.it\/2020\/#breadcrumbitem"},{"@type":"ListItem","position":2,"name":"03","item":"https:\/\/www.radiotime.it\/2020\/\/03\/#breadcrumbitem"},{"@type":"ListItem","position":3,"name":"08","item":"https:\/\/www.radiotime.it\/2020\/\/03\/\/08\/#breadcrumbitem"},{"@type":"ListItem","position":4,"name":"Festa della donna: perch\u00e8 viene festeggiata l&#8217;8 marzo","item":"https:\/\/www.radiotime.it\/2020\/03\/08\/festa-della-donna-perche-viene-festeggiata-l8-marzo\/#breadcrumbitem"}]}]