[{"@context":"https:\/\/schema.org\/","@type":"NewsArticle","@id":"https:\/\/www.radiotime.it\/2020\/04\/22\/oggi-si-celebra-il-50anniversario-dellearth-day\/#NewsArticle","mainEntityOfPage":"https:\/\/www.radiotime.it\/2020\/04\/22\/oggi-si-celebra-il-50anniversario-dellearth-day\/","headline":"Oggi, si celebra il 50\u00b0anniversario dell&#8217;Earth Day","name":"Oggi, si celebra il 50\u00b0anniversario dell&#8217;Earth Day","description":"Esattamente 50 anni fa, veniva istituita la Giornata della Terra. Dal 1970, ogni 22 aprile si celebra l&#8217;Earth Day, cio\u00e8 la Giornata Mondiale della Terra. Un evento green nato per sensibilizzare sull&#8217;importanza della cura e della protezione del Pianeta Terra. Proprio 50 anni fa, fu istituita questa giornata che ricorda quanto gli esseri umani abbiano [&hellip;]","datePublished":"2020-04-22","dateModified":"2022-06-07","author":{"@type":"Person","@id":"https:\/\/www.radiotime.it\/author\/staff\/#Person","name":"staff","url":"https:\/\/www.radiotime.it\/author\/staff\/","identifier":8,"image":{"@type":"ImageObject","@id":"https:\/\/secure.gravatar.com\/avatar\/8f004fcfadece6f5f68f901a61253afb?s=96&d=mm&r=g","url":"https:\/\/secure.gravatar.com\/avatar\/8f004fcfadece6f5f68f901a61253afb?s=96&d=mm&r=g","height":96,"width":96}},"publisher":{"@type":"Organization","name":"RADIOTIME","logo":{"@type":"ImageObject","@id":"https:\/\/www.radiotime.it\/wp-content\/uploads\/2020\/02\/Logo_Time_1500-e1580898267395.png","url":"https:\/\/www.radiotime.it\/wp-content\/uploads\/2020\/02\/Logo_Time_1500-e1580898267395.png","width":600,"height":60}},"image":{"@type":"ImageObject","@id":"https:\/\/www.radiotime.it\/wp-content\/uploads\/2020\/01\/Logo_Time_140.png","url":"https:\/\/www.radiotime.it\/wp-content\/uploads\/2020\/01\/Logo_Time_140.png","width":100,"height":100},"url":"https:\/\/www.radiotime.it\/2020\/04\/22\/oggi-si-celebra-il-50anniversario-dellearth-day\/","about":["I Fatti Del Giorno","News"],"wordCount":458,"keywords":["#earthday","\u00e0gli esseri umani abbiano l\u2019obbligo di occuparsi della terra e condividere le risorse in maniera equa.iornatamondialedellaterra","earth"],"articleBody":"Esattamente 50 anni fa, veniva istituita la Giornata della Terra.Dal 1970, ogni 22 aprile si celebra l&#8217;Earth Day, cio\u00e8 la Giornata Mondiale della Terra. Un evento green nato per sensibilizzare sull&#8217;importanza della cura e della protezione del Pianeta Terra.Proprio 50 anni fa, fu istituita questa giornata che ricorda quanto gli esseri umani abbiano l\u2019obbligo di interessarsi al pianeta in cui vivono e di condividere le risorse in maniera equa. L&#8217;idea dell&#8217;Earth Day nasce grazie all&#8217;attivista per la pace ma anche ecologista John McConnell che, nell\u2019ottobre del 1969,\u00a0durante la Conferenza dell\u2019UNESCO a San Francisco, propose l&#8217;istituzione di una giornata che potesse rappresentare un inno alla bellezza della Terra, alla pace e alla vita.Per volont\u00e0 del senatore democratico statunitense G. Nelson, nacque cos\u00ec l&#8217;Earth Day e la Terra fu celebrata per la prima volta: il 22 aprile 1970. Una manifestazione quella dell&#8217;Earth Day nata inizialmente come statunitense ma che poi divenne &#8220;international&#8221; con l&#8217;intervento di Denis Hayes (il primo coordinatore dell\u2019Earth Day) , arrivando a coinvolgere pi\u00f9 di 180 nazioni.Le 10 frasi pi\u00f9 belle sulla TerraNel festeggiare la nostra cara Terra e ricordando che si tratta della nostra casa, leggiamo alcune tra le frasi pi\u00f9 belle:&#8220;Il miracolo non \u00e8 quello di camminare sulle acque, ma di camminare sulla terra verde nel momento presente e d\u2019apprezzare la bellezza e la pace che sono disponibili ora&#8221;.&#8220;Ferire la terra \u00e8 ferire te stesso, e se altri feriscono la terra, feriscono te&#8221;.&#8220;E la Terra sentii nell&#8217;Universo. Sentii fremendo ch&#8217;\u00e8 del cielo anch&#8217;ella, e mi vidi quaggi\u00f9 piccolo e sperso, errare, tra le stelle, in una stella&#8221;.&#8220;La nazione che distrugge il proprio suolo distrugge se stessa&#8221;.&#8220;La natura ci ha donato, e ci sta donando. Adesso tocca a noi a salvarla dal disastro imminente&#8221;.&#8220;L\u2019uomo \u00e8 la specie pi\u00f9 folle: venera un Dio invisibile e distrugge una Natura visibile. Senza rendersi conto che la Natura che sta distruggendo \u00e8 quel Dio che sta venerando&#8221;.&#8220;La terra \u00e8 un bel posto e per essa vale la pena di lottare&#8221;.\u201cCredo\u00a0che avere la\u00a0terra\u00a0e non rovinarla sia la pi\u00f9 bella forma d&#8217;arte che si possa\u00a0desiderare.\u201d\u201cLa\u00a0foglia\u00a0di un albero \u00e8 lo sforzo senza fine della\u00a0terra\u00a0di\u00a0comunicare\u00a0con il\u00a0cielo.\u201d\u201cCredo\u00a0che abbiamo il\u00a0dovere\u00a0di\u00a0lottare\u00a0per la\u00a0vita\u00a0sulla\u00a0Terra\u00a0e non solo a nostro\u00a0beneficio, ma di tutti quelli, umani o meno, che ci hanno preceduto e ai quali siamo legati, cos\u00ec come coloro che, se siamo abbastanza\u00a0saggi, arriveranno pi\u00f9 tardi. Non c&#8217;\u00e8 una causa pi\u00f9\u00a0urgente, n\u00e9 pi\u00f9 giusta, del proteggere il futuro della nostra specie.\u201d&nbsp;&nbsp;&nbsp;"},{"@context":"https:\/\/schema.org\/","@type":"BreadcrumbList","itemListElement":[{"@type":"ListItem","position":1,"name":"2020","item":"https:\/\/www.radiotime.it\/2020\/#breadcrumbitem"},{"@type":"ListItem","position":2,"name":"04","item":"https:\/\/www.radiotime.it\/2020\/\/04\/#breadcrumbitem"},{"@type":"ListItem","position":3,"name":"22","item":"https:\/\/www.radiotime.it\/2020\/\/04\/\/22\/#breadcrumbitem"},{"@type":"ListItem","position":4,"name":"Oggi, si celebra il 50\u00b0anniversario dell&#8217;Earth Day","item":"https:\/\/www.radiotime.it\/2020\/04\/22\/oggi-si-celebra-il-50anniversario-dellearth-day\/#breadcrumbitem"}]}]