[{"@context":"https:\/\/schema.org\/","@type":"NewsArticle","@id":"https:\/\/www.radiotime.it\/2020\/05\/15\/e-morto-il-pianista-ezio-bosso-aveva-48-anni\/#NewsArticle","mainEntityOfPage":"https:\/\/www.radiotime.it\/2020\/05\/15\/e-morto-il-pianista-ezio-bosso-aveva-48-anni\/","headline":"E&#8217; morto il pianista Ezio Bosso: aveva 48 anni","name":"E&#8217; morto il pianista Ezio Bosso: aveva 48 anni","description":"Ezio Bosso si \u00e8 spento all&#8217;et\u00e0 di 48 anni. Da anni era affetto da una malattia neurodegenerativa e da un tumore. Una notizia che ha scosso l&#8217;intera opinione pubblica quella della morte di Ezio Bosso. L&#8217;amatissimo musicista, direttore d&#8217;orchestra e compositore si \u00e8 spento, oggi, nella sua casa di Bologna. Dal 2011, conviveva con una [&hellip;]","datePublished":"2020-05-15","dateModified":"2022-09-05","author":{"@type":"Person","@id":"https:\/\/www.radiotime.it\/author\/staff\/#Person","name":"staff","url":"https:\/\/www.radiotime.it\/author\/staff\/","identifier":8,"image":{"@type":"ImageObject","@id":"https:\/\/secure.gravatar.com\/avatar\/8f004fcfadece6f5f68f901a61253afb?s=96&d=mm&r=g","url":"https:\/\/secure.gravatar.com\/avatar\/8f004fcfadece6f5f68f901a61253afb?s=96&d=mm&r=g","height":96,"width":96}},"publisher":{"@type":"Organization","name":"RADIOTIME","logo":{"@type":"ImageObject","@id":"https:\/\/www.radiotime.it\/wp-content\/uploads\/2020\/02\/Logo_Time_1500-e1580898267395.png","url":"https:\/\/www.radiotime.it\/wp-content\/uploads\/2020\/02\/Logo_Time_1500-e1580898267395.png","width":600,"height":60}},"image":{"@type":"ImageObject","@id":"https:\/\/www.radiotime.it\/wp-content\/uploads\/2020\/01\/Logo_Time_140.png","url":"https:\/\/www.radiotime.it\/wp-content\/uploads\/2020\/01\/Logo_Time_140.png","width":100,"height":100},"url":"https:\/\/www.radiotime.it\/2020\/05\/15\/e-morto-il-pianista-ezio-bosso-aveva-48-anni\/","about":["I Fatti Del Giorno","News"],"wordCount":165,"keywords":["#bosso","#death","#eziobosso","#morte","#pianista"],"articleBody":"Ezio Bosso si \u00e8 spento all&#8217;et\u00e0 di 48 anni. Da anni era affetto da una malattia neurodegenerativa e da un tumore.Una notizia che ha scosso l&#8217;intera opinione pubblica quella della morte di Ezio Bosso. L&#8217;amatissimo musicista, direttore d&#8217;orchestra e compositore si \u00e8 spento, oggi, nella sua casa di Bologna. Dal 2011, conviveva con una malattia neurodegenerativa che lo costringeva alla sedia a rotelle e, da qualche anno, combatteva la sua battaglia contro il cancro. Una situazione clinica molto complicata che ha condizionato la sua vita e la sua carriera. Proprio lo scorso settembre, infatti, era stato costretto ad abbandonare il suo amato pianoforte perch\u00e8 le sue dita non erano pi\u00f9 in condizioni di suonare e lo sottoponevano a dolori insopportabili.Alla sua attivit\u00e0 di pianista aveva sempre alternato quella di direttore d\u2019orchestra, alla guida dell\u2019organico della Fenice di Venezia, del Comunale di Bologna. E&#8217; stato il fondatore del suo gruppo di musicisti, la StradivariFestival Chamber Orchestra, poi ribattezzata Europe Philharmonic."},{"@context":"https:\/\/schema.org\/","@type":"BreadcrumbList","itemListElement":[{"@type":"ListItem","position":1,"name":"2020","item":"https:\/\/www.radiotime.it\/2020\/#breadcrumbitem"},{"@type":"ListItem","position":2,"name":"05","item":"https:\/\/www.radiotime.it\/2020\/\/05\/#breadcrumbitem"},{"@type":"ListItem","position":3,"name":"15","item":"https:\/\/www.radiotime.it\/2020\/\/05\/\/15\/#breadcrumbitem"},{"@type":"ListItem","position":4,"name":"E&#8217; morto il pianista Ezio Bosso: aveva 48 anni","item":"https:\/\/www.radiotime.it\/2020\/05\/15\/e-morto-il-pianista-ezio-bosso-aveva-48-anni\/#breadcrumbitem"}]}]