[{"@context":"https:\/\/schema.org\/","@type":"NewsArticle","@id":"https:\/\/www.radiotime.it\/2020\/06\/30\/peppe-norata-contro-i-delinquenti-la-r-a-p-sara-parte-civile\/#NewsArticle","mainEntityOfPage":"https:\/\/www.radiotime.it\/2020\/06\/30\/peppe-norata-contro-i-delinquenti-la-r-a-p-sara-parte-civile\/","headline":"Peppe Norata: &#8220;Contro i delinquenti la R.A.P. sar\u00e0 parte civile&#8221;","name":"Peppe Norata: &#8220;Contro i delinquenti la R.A.P. sar\u00e0 parte civile&#8221;","description":"Questa mattina \u00e8 intervenuto, in diretta al Time Magazine su Radio Time, il Presidente della R.A.P. Peppe Norata. La massima carica della partecipata palermitana ha detto la sua in merito all\u2019inchiesta \u2018Beautiful Flash\u2019 che nelle ultime ore ha portato in cella 12 lavoratori della stessa partecipata. \u201cLa situazione non mi rende felice \u2013 ha detto [&hellip;]","datePublished":"2020-06-30","dateModified":"2020-06-30","author":{"@type":"Person","@id":"https:\/\/www.radiotime.it\/author\/massimo-pisciotta\/#Person","name":"Massimo Pisciotta","url":"https:\/\/www.radiotime.it\/author\/massimo-pisciotta\/","identifier":7,"image":{"@type":"ImageObject","@id":"https:\/\/secure.gravatar.com\/avatar\/f72601718119ceb7fdac114c64228e01?s=96&d=mm&r=g","url":"https:\/\/secure.gravatar.com\/avatar\/f72601718119ceb7fdac114c64228e01?s=96&d=mm&r=g","height":96,"width":96}},"publisher":{"@type":"Organization","name":"RADIOTIME","logo":{"@type":"ImageObject","@id":"https:\/\/www.radiotime.it\/wp-content\/uploads\/2020\/02\/Logo_Time_1500-e1580898267395.png","url":"https:\/\/www.radiotime.it\/wp-content\/uploads\/2020\/02\/Logo_Time_1500-e1580898267395.png","width":600,"height":60}},"image":{"@type":"ImageObject","@id":"https:\/\/www.radiotime.it\/wp-content\/uploads\/2020\/06\/Peppe-Norata.jpg","url":"https:\/\/www.radiotime.it\/wp-content\/uploads\/2020\/06\/Peppe-Norata.jpg","height":959,"width":640},"url":"https:\/\/www.radiotime.it\/2020\/06\/30\/peppe-norata-contro-i-delinquenti-la-r-a-p-sara-parte-civile\/","about":["Cronaca","News","Time Magazine"],"wordCount":253,"articleBody":"Questa mattina \u00e8 intervenuto, in diretta al Time Magazine su Radio Time, il Presidente della R.A.P. Peppe Norata. La massima carica della partecipata palermitana ha detto la sua in merito all\u2019inchiesta \u2018Beautiful Flash\u2019 che nelle ultime ore ha portato in cella 12 lavoratori della stessa partecipata.\u201cLa situazione non mi rende felice \u2013 ha detto Norata \u2013 perch\u00e9 ero a conoscenza di alcuni aspetti ma la realt\u00e0 di ieri mi ha indignato\u201d. Il presidente di R.A.P. \u00e8 entrato nel merito dei fatti: \u201cSperavo che i lavoratori scagionati dalla prima ondata di indagini fosse realmente fuori da questo sistema delinquenziale ma i numeri che ogni giorno constatavamo erano troppo fuori dalla logica per pensare che tutto fosse a posto. Io personalmente \u2013 ha aggiunto Norata \u2013 ho presentato un esposto in procura per chiedere che si proseguisse con le indagini. Nessuno dovr\u00e0 venire a chiedere piet\u00e0. Mi dispiace che dietro questa gente ci siano famiglie ma penso ai tanti operatori che ogni giorno si spaccano le reni per garantire un servizio ai cittadini e non posso che provare rabbia per questi delinquenti che con atteggiamento arrogante lucravano alle spalle dell\u2019azienda\u201d.Il presidente Norata ha anche chiarito quale sar\u00e0 la posizione della partecipata nelle sedi opportune: \u201cLa R.A.P. si costituir\u00e0 parte civile per chiedere i danni a queste persone. Personalmente mi sento di dover chiedere scusa ai palermitani per quanto accaduto e assicurare che vigileremo a che tutto questo non si ripeta in futuro\u201d"},{"@context":"https:\/\/schema.org\/","@type":"BreadcrumbList","itemListElement":[{"@type":"ListItem","position":1,"name":"2020","item":"https:\/\/www.radiotime.it\/2020\/#breadcrumbitem"},{"@type":"ListItem","position":2,"name":"06","item":"https:\/\/www.radiotime.it\/2020\/\/06\/#breadcrumbitem"},{"@type":"ListItem","position":3,"name":"30","item":"https:\/\/www.radiotime.it\/2020\/\/06\/\/30\/#breadcrumbitem"},{"@type":"ListItem","position":4,"name":"Peppe Norata: &#8220;Contro i delinquenti la R.A.P. sar\u00e0 parte civile&#8221;","item":"https:\/\/www.radiotime.it\/2020\/06\/30\/peppe-norata-contro-i-delinquenti-la-r-a-p-sara-parte-civile\/#breadcrumbitem"}]}]