[{"@context":"https:\/\/schema.org\/","@type":"NewsArticle","@id":"https:\/\/www.radiotime.it\/2020\/07\/13\/parla-il-sindaco-di-lampedusa-la-nostra-e-una-calamita-da-affrontare\/#NewsArticle","mainEntityOfPage":"https:\/\/www.radiotime.it\/2020\/07\/13\/parla-il-sindaco-di-lampedusa-la-nostra-e-una-calamita-da-affrontare\/","headline":"Parla il Sindaco di Lampedusa: &#8220;La nostra \u00e8 una calamit\u00e0 da affrontare&#8221;","name":"Parla il Sindaco di Lampedusa: &#8220;La nostra \u00e8 una calamit\u00e0 da affrontare&#8221;","description":"Non si ferma l&#8217;emergenza per l&#8217;isola di Lampedusa, oggetto di oltre 50 sbarchi negli ultimi quattro giorni. A parlare questa mattina al Time Magazine \u00e8 stato il Sindaco Tot\u00f2 Martello. Il primo cittadino di Lampedusa e Linosa ha sottolineato l&#8217;esigenza di intervenire in maniera concreta sul territorio da parte della Regione Siciliana prima e del [&hellip;]","datePublished":"2020-07-13","dateModified":"2020-07-13","author":{"@type":"Person","@id":"https:\/\/www.radiotime.it\/author\/massimo-pisciotta\/#Person","name":"Massimo Pisciotta","url":"https:\/\/www.radiotime.it\/author\/massimo-pisciotta\/","identifier":7,"image":{"@type":"ImageObject","@id":"https:\/\/secure.gravatar.com\/avatar\/f72601718119ceb7fdac114c64228e01?s=96&d=mm&r=g","url":"https:\/\/secure.gravatar.com\/avatar\/f72601718119ceb7fdac114c64228e01?s=96&d=mm&r=g","height":96,"width":96}},"publisher":{"@type":"Organization","name":"RADIOTIME","logo":{"@type":"ImageObject","@id":"https:\/\/www.radiotime.it\/wp-content\/uploads\/2020\/02\/Logo_Time_1500-e1580898267395.png","url":"https:\/\/www.radiotime.it\/wp-content\/uploads\/2020\/02\/Logo_Time_1500-e1580898267395.png","width":600,"height":60}},"image":{"@type":"ImageObject","@id":"https:\/\/www.radiotime.it\/wp-content\/uploads\/2020\/07\/tot\u00f2-martello-lampedusa.jpg","url":"https:\/\/www.radiotime.it\/wp-content\/uploads\/2020\/07\/tot\u00f2-martello-lampedusa.jpg","height":376,"width":376},"url":"https:\/\/www.radiotime.it\/2020\/07\/13\/parla-il-sindaco-di-lampedusa-la-nostra-e-una-calamita-da-affrontare\/","about":["Cronaca","News","Time Magazine"],"wordCount":361,"keywords":["europa","hotspot","lampedusa","martello","migranti"],"articleBody":"Non si ferma l&#8217;emergenza per l&#8217;isola di Lampedusa, oggetto di oltre 50 sbarchi negli ultimi quattro giorni. A parlare questa mattina al Time Magazine \u00e8 stato il Sindaco Tot\u00f2 Martello. Il primo cittadino di Lampedusa e Linosa ha sottolineato l&#8217;esigenza di intervenire in maniera concreta sul territorio da parte della Regione Siciliana prima e del Governo poi e l&#8217;inadeguatezza dell&#8217;Europa volontariamente in silenzio sulla vicenda.Martello ha spiegato il suo punto di vista: &#8220;Non si pu\u00f2 pensare di intervenire sul territorio di Lampedusa con le stesse regole e lo stesso metro di qualsiasi altro luogo in Italia. La nostra \u00e8 una situazione inedita e non riportabile da nessuna altra parte. Per questo motivo &#8211; ha spiegato il Sindaco &#8211; a Lampedusa si deve intervenire con il criterio di calamit\u00e0 e non come di fronte ad un&#8217;emergenza simile alle altre sul territorio italiano&#8221;L&#8217;hotspot di Lampedusa pu\u00f2 contenere un massimo di 160 persone ed al momento ne ospita oltre 400. Fino alla scorsa settimana si era arrivati all&#8217;incredibile cifra di oltre 700 unit\u00e0 creando una situazione inaccettabile.&#8220;L&#8217;Europa \u00e8 assente &#8211; ha raccontato Martello &#8211; la politica continentale non parla minimamente delle nostre necessit\u00e0 e non perch\u00e9 non sia sollecitata a farlo dai nostri rappresentanti ma per il fatto che parlare di migranti sia scomodo per tutti i paesi europei. Meno si parla del problema e meglio \u00e8 per tutti tranne che noi. Il fenomeno della migrazione non pu\u00f2 essere affrontato con il criterio del credo politico &#8211; ha sottolineato il Sindaco di Lampedusa &#8211; ma con un ragionamento sociale dettato dal buon senso. L&#8217;interesse di tutti dovrebbe essere quello di far circolare le persone con una logica dettata dal benessere di tutti. L&#8217;Onu in tal senso \u00e8 stata chiarissima ma l&#8217;Europa preferisce non ascoltare&#8221;In chiusura il Sindaco Tot\u00f2 Martello ha anche parlato di un problema meno posto in evidenza dai media: &#8220;Anche i nostri pescherecci stanno riscontrando grossi problemi ma nessuno ne parla. Le barche dei paesi africani vengono a pescare nelle nostre acque, impedendo il passaggio ed il lavoro a quelle siciliane, ma nessuno interviene a nostra tutela. Anche qui l&#8217;Europa sembra sorda ai nostri appelli&#8221;"},{"@context":"https:\/\/schema.org\/","@type":"BreadcrumbList","itemListElement":[{"@type":"ListItem","position":1,"name":"2020","item":"https:\/\/www.radiotime.it\/2020\/#breadcrumbitem"},{"@type":"ListItem","position":2,"name":"07","item":"https:\/\/www.radiotime.it\/2020\/\/07\/#breadcrumbitem"},{"@type":"ListItem","position":3,"name":"13","item":"https:\/\/www.radiotime.it\/2020\/\/07\/\/13\/#breadcrumbitem"},{"@type":"ListItem","position":4,"name":"Parla il Sindaco di Lampedusa: &#8220;La nostra \u00e8 una calamit\u00e0 da affrontare&#8221;","item":"https:\/\/www.radiotime.it\/2020\/07\/13\/parla-il-sindaco-di-lampedusa-la-nostra-e-una-calamita-da-affrontare\/#breadcrumbitem"}]}]