[{"@context":"https:\/\/schema.org\/","@type":"NewsArticle","@id":"https:\/\/www.radiotime.it\/2020\/08\/05\/pedro-capo-la-sabana-y-los-pies\/#NewsArticle","mainEntityOfPage":"https:\/\/www.radiotime.it\/2020\/08\/05\/pedro-capo-la-sabana-y-los-pies\/","headline":"Pedro Cap\u00f3 &#8211; La S\u00e1bana y los Pies (Official Video)","name":"Pedro Cap\u00f3 &#8211; La S\u00e1bana y los Pies (Official Video)","description":"Pedro Cap\u00f3 ha pubblicato la sua nuova canzone &#8220;La S\u00e1bana y los Pies&#8221;, una canzone scritta da Cap\u00f3, Frank Santofimio, Luigi Castillo e Jorge Luis Chac\u00edn.\u00a0Questa nuova traccia \u00e8 la seconda, dopo il suo precedente singolo &#8220;Good luck&#8221;, ed \u00e8 un&#8217;altra anteprima di quella che sar\u00e0 la sua prossima produzione discografica. Pedro Cap\u00f3 &#8211; La [&hellip;]","datePublished":"2020-08-05","dateModified":"2020-08-05","author":{"@type":"Person","@id":"https:\/\/www.radiotime.it\/author\/alessandro\/#Person","name":"Redazione","url":"https:\/\/www.radiotime.it\/author\/alessandro\/","identifier":5,"image":{"@type":"ImageObject","@id":"https:\/\/secure.gravatar.com\/avatar\/8376aa91354460349f0772b5903560ae?s=96&d=mm&r=g","url":"https:\/\/secure.gravatar.com\/avatar\/8376aa91354460349f0772b5903560ae?s=96&d=mm&r=g","height":96,"width":96}},"publisher":{"@type":"Organization","name":"RADIOTIME","logo":{"@type":"ImageObject","@id":"https:\/\/www.radiotime.it\/wp-content\/uploads\/2020\/02\/Logo_Time_1500-e1580898267395.png","url":"https:\/\/www.radiotime.it\/wp-content\/uploads\/2020\/02\/Logo_Time_1500-e1580898267395.png","width":600,"height":60}},"image":{"@type":"ImageObject","@id":"https:\/\/www.radiotime.it\/wp-content\/uploads\/2020\/08\/La-S\u00e1bana-y-los-Pies.jpg","url":"https:\/\/www.radiotime.it\/wp-content\/uploads\/2020\/08\/La-S\u00e1bana-y-los-Pies.jpg","height":375,"width":750},"url":"https:\/\/www.radiotime.it\/2020\/08\/05\/pedro-capo-la-sabana-y-los-pies\/","video":{"@context":"http:\/\/schema.org\/","@type":"VideoObject","@id":"https:\/\/www.youtube.com\/watch?v=9dFo8QgbzwA#VideoObject","contentUrl":"https:\/\/www.youtube.com\/watch?v=9dFo8QgbzwA","name":"Pedro Cap\u00f3 - La S\u00e1bana y los Pies (Official Video)","description":"Pedro Cap\u00f3 \u2013 La S\u00e1bana y los Pies (Official Video)\n\nM\u00fasica: \nApple Music: https:\/\/PedroCapo.lnk.to\/LaSabanayLosPies\/applemusic \nSpotify: https:\/\/PedroCapo.lnk.to\/LaSabanayLosPies\/spotify \nYouTube: https:\/\/PedroCapo.lnk.to\/LaSabanayLosPies\/youtube  \nAmazon Music: https:\/\/PedroCapo.lnk.to\/LaSabanayLosPies\/amazonmusicstreaming \niTunes: https:\/\/PedroCapo.lnk.to\/LaSabanayLosPies\/itunes \nDeezer: https:\/\/PedroCapo.lnk.to\/LaSabanayLosPies\/deezer  \n\nFacebook: https:\/\/www.facebook.com\/PedroCapoMusica \nTwitter: https:\/\/twitter.com\/pedrocapo \nInstagram: https:\/\/www.instagram.com\/pedrocapo\n\n#PedroCapo #LaS\u00e1banaYLosPies\nOfficial Music Video by Pedro Cap\u00f3 performing \"La S\u00e1bana y los Pies\" (C) 2020 Sony Music Entertainment LLC","thumbnailUrl":["https:\/\/i.ytimg.com\/vi\/9dFo8QgbzwA\/default.jpg","https:\/\/i.ytimg.com\/vi\/9dFo8QgbzwA\/mqdefault.jpg","https:\/\/i.ytimg.com\/vi\/9dFo8QgbzwA\/hqdefault.jpg","https:\/\/i.ytimg.com\/vi\/9dFo8QgbzwA\/sddefault.jpg","https:\/\/i.ytimg.com\/vi\/9dFo8QgbzwA\/maxresdefault.jpg"],"uploadDate":"2020-07-23T22:00:12+00:00","duration":"PT3M9S","embedUrl":"https:\/\/www.youtube.com\/embed\/9dFo8QgbzwA","publisher":{"@type":"Organization","@id":"https:\/\/www.youtube.com\/channel\/UCOvCud7r6XILh0U_Qy1BFDQ#Organization","url":"https:\/\/www.youtube.com\/channel\/UCOvCud7r6XILh0U_Qy1BFDQ","name":"capoVEVO","description":"","logo":{"url":"https:\/\/yt3.ggpht.com\/BLxRa1EXAkWB7OwrmNNEI6D-9i8xajA1FiOobF5koCpZsHNaYyBLfcAB2vukygfrjP2py0EC_A=s800-c-k-c0x00ffffff-no-rj","width":800,"height":800,"@type":"ImageObject","@id":"https:\/\/www.youtube.com\/watch?v=9dFo8QgbzwA#VideoObject_publisher_logo_ImageObject"}},"potentialAction":{"@type":"SeekToAction","@id":"https:\/\/www.youtube.com\/watch?v=9dFo8QgbzwA#VideoObject_potentialAction","target":"https:\/\/www.youtube.com\/watch?v=9dFo8QgbzwA&t={seek_to_second_number}","startOffset-input":"required name=seek_to_second_number"},"interactionStatistic":[[{"@type":"InteractionCounter","@id":"https:\/\/www.youtube.com\/watch?v=9dFo8QgbzwA#VideoObject_interactionStatistic_WatchAction","interactionType":{"@type":"WatchAction"},"userInteractionCount":10601365}],{"@type":"InteractionCounter","@id":"https:\/\/www.youtube.com\/watch?v=9dFo8QgbzwA#VideoObject_interactionStatistic_LikeAction","interactionType":{"@type":"LikeAction"},"userInteractionCount":78127}]},"about":["musica"],"wordCount":250,"keywords":["nuovo singolo","Pedro Cap\u00f3"],"articleBody":"Pedro Cap\u00f3 ha pubblicato la sua nuova canzone &#8220;La S\u00e1bana y los Pies&#8221;, una canzone scritta da Cap\u00f3, Frank Santofimio, Luigi Castillo e Jorge Luis Chac\u00edn.\u00a0Questa nuova traccia \u00e8 la seconda, dopo il suo precedente singolo &#8220;Good luck&#8221;, ed \u00e8 un&#8217;altra anteprima di quella che sar\u00e0 la sua prossima produzione discografica.Pedro Cap\u00f3 &#8211; La S\u00e1bana y los Pies &#8211; Official VideoIl video registrato nel sud della Florida riflette una normale giornata nella vita di Pedro Cap\u00f3 in casa, dove il ritmo accattivante e i testi della canzone prendono vita nelle immagini sensuali, a volte con un tocco di umorismo e malizia, in che vediamo Cap\u00f3 in diverse situazioni a casa accompagnate da proiezioni di una bellissima modella.Per Pedro Cap\u00f3:\u00a0\u201cL&#8217;ispirazione alla base di &#8216;La S\u00e1bana y los Pies&#8217; \u00e8 una relazione che inizia casualmente, senza legami seri fino a quando una delle parti inizia a chiedere pi\u00f9 tempo, amore e condivisione dello spazio.\u00a0La canzone \u00e8 profetica, perch\u00e9 ora non abbiamo altra scelta che condividere lo spazio con chi siamo o perdere quella persona in questa pandemia.\u00a0Abbiamo realizzato il video in una piccola casa a Miami, con un equipaggio super piccolo, rispettando la distanza sociale, con i proiettori, diventando creativi con le risorse che avevamo al momento e abbiamo ottenuto qualcosa di molto bello.\u00a0Inoltre, la canzone parla gi\u00e0 di uno spazio domestico, quindi siamo stati in grado di registrare tutto da quella prospettiva \u201d"},{"@context":"https:\/\/schema.org\/","@type":"BreadcrumbList","itemListElement":[{"@type":"ListItem","position":1,"name":"2020","item":"https:\/\/www.radiotime.it\/2020\/#breadcrumbitem"},{"@type":"ListItem","position":2,"name":"08","item":"https:\/\/www.radiotime.it\/2020\/\/08\/#breadcrumbitem"},{"@type":"ListItem","position":3,"name":"05","item":"https:\/\/www.radiotime.it\/2020\/\/08\/\/05\/#breadcrumbitem"},{"@type":"ListItem","position":4,"name":"Pedro Cap\u00f3 &#8211; La S\u00e1bana y los Pies (Official Video)","item":"https:\/\/www.radiotime.it\/2020\/08\/05\/pedro-capo-la-sabana-y-los-pies\/#breadcrumbitem"}]}]