[{"@context":"https:\/\/schema.org\/","@type":"NewsArticle","@id":"https:\/\/www.radiotime.it\/2020\/08\/05\/torna-una-marina-di-libri-allorto-botanico\/#NewsArticle","mainEntityOfPage":"https:\/\/www.radiotime.it\/2020\/08\/05\/torna-una-marina-di-libri-allorto-botanico\/","headline":"Torna &#8220;UNA MARINA DI LIBRI&#8221; all&#8217;Orto Botanico","name":"Torna &#8220;UNA MARINA DI LIBRI&#8221; all&#8217;Orto Botanico","description":"LA SCOMMESSA DI PALERMO PER &#8220;UNA MARINA DI LIBRI&#8221;: L&#8217;UNDICESIMA EDIZIONE ALL&#8217;ORTO BOTANICO DAL 24 AL 27 SETTEMBRE\u00a0 Da gioved\u00ec 24 a domenica 27 settembre, l&#8217;Orto botanico dell&#8217;Universit\u00e0 di Palermo accoglier\u00e0 editori, libri e lettori provenienti da tutta Italia per l&#8217;undicesima edizione di &#8220;Una marina di libri | festival del libro&#8220;. La manifestazione \u00e8 promossa [&hellip;]","datePublished":"2020-08-05","dateModified":"2020-08-05","author":{"@type":"Person","@id":"https:\/\/www.radiotime.it\/author\/staff\/#Person","name":"staff","url":"https:\/\/www.radiotime.it\/author\/staff\/","identifier":8,"image":{"@type":"ImageObject","@id":"https:\/\/secure.gravatar.com\/avatar\/8f004fcfadece6f5f68f901a61253afb?s=96&d=mm&r=g","url":"https:\/\/secure.gravatar.com\/avatar\/8f004fcfadece6f5f68f901a61253afb?s=96&d=mm&r=g","height":96,"width":96}},"publisher":{"@type":"Organization","name":"RADIOTIME","logo":{"@type":"ImageObject","@id":"https:\/\/www.radiotime.it\/wp-content\/uploads\/2020\/02\/Logo_Time_1500-e1580898267395.png","url":"https:\/\/www.radiotime.it\/wp-content\/uploads\/2020\/02\/Logo_Time_1500-e1580898267395.png","width":600,"height":60}},"image":{"@type":"ImageObject","@id":"https:\/\/www.radiotime.it\/wp-content\/uploads\/2020\/08\/700_7616.jpg","url":"https:\/\/www.radiotime.it\/wp-content\/uploads\/2020\/08\/700_7616.jpg","height":798,"width":1200},"url":"https:\/\/www.radiotime.it\/2020\/08\/05\/torna-una-marina-di-libri-allorto-botanico\/","about":["News"],"wordCount":407,"articleBody":"LA SCOMMESSA DI PALERMO PER &#8220;UNA MARINA DI LIBRI&#8221;: L&#8217;UNDICESIMA EDIZIONE ALL&#8217;ORTO BOTANICO DAL 24 AL 27 SETTEMBRE\u00a0Da gioved\u00ec 24 a domenica 27 settembre, l&#8217;Orto botanico dell&#8217;Universit\u00e0 di Palermo accoglier\u00e0 editori, libri e lettori provenienti da tutta Italia per l&#8217;undicesima edizione di &#8220;Una marina di libri | festival del libro&#8220;. La manifestazione \u00e8 promossa da CCN Piazza Marina &amp; dintorni &#8211; organismo no profit che mette insieme pi\u00f9 di 65 operatori commerciali e culturali del centro storico di Palermo &#8211; e si sviluppa grazie a un&#8217;ampia rete di sinergie sul territorio cittadino, in primis con le\u00a0case editrici palermitane Navarra e Sellerio e con la libreria Dudi\u00a0che cura il cartellone di editoria per l\u2019infanzia, e la stessa\u00a0Universit\u00e0 degli Studi di Palermo. Il direttore artistico \u00e8, anche quest&#8217;anno, Piero Melati, affiancato da Matteo Di Ges\u00f9, Salvatore Ferlita e Masha Sergio.&#8220;UNA MARINA DI LIBRI&#8221;: L&#8217;UNDICESIMA EDIZIONE ALL&#8217;ORTO BOTANICO\u00a0L\u2019undicesima sar\u00e0 necessariamente un&#8217;edizione un po\u2019 ridimensionata sia per numero di ingressi che per numero di eventi, inferiore rispetto agli altri anni, ma non per questo meno ricca di contenuti e di proposte culturali\u00a0con tante presentazioni, eventi e collaborazioni con altre realt\u00e0 significative della citt\u00e0. Prima novit\u00e0 sar\u00e0 l&#8217;apertura del festival il gioved\u00ec mattina grazie al progetto \u201cUn mare di storie\u201d che il CCN Piazza Marina &amp; dintorni e la libreria Dudi portano avanti con la ICS Amari Roncalli Ferrara di piazza Magione e il sostegno di Mibact e Siae, e sar\u00e0 proprio con gli studenti e le scuole che si dar\u00e0 l&#8217;avvio a questa speciale edizione del festival.L\u2019edizione 2020 di &#8220;Una marina di libri&#8221; si presenta con il titolo &#8220;Mondimperfetti&#8220;. Nella realt\u00e0 contemporanea, considerare l\u2019imperfezione come &#8220;occasione&#8221;; anzich\u00e9 &#8220;mero difetto&#8221; non pu\u00f2 che apportare vantaggi. &#8220;Imperfezione&#8221; \u00e8 sinonimo di &#8220;diversit\u00e0&#8221;, che in quanto tale arricchisce, offre rinnovati punti di vista, sollecita specificit\u00e0 che rifuggono l\u2019ovvio.\u00abQuesta edizione rappresenta il ritorno alla fisicit\u00e0 &#8211; dice\u00a0Nicola Bravo, presidente CCN Piazza Marina &amp; dintorni\u00a0&#8211; con i gazebo con i libri e gli editori che raccontano le loro storie, sicuramente sar\u00e0 un&#8217;edizione particolare con distanziamento e altre accortezze ma questo \u00e8 un anno strategico per riprogettare il futuro e le prossime edizioni. Il tema di questa edizione \u00e8 &#8220;mondimperfetti&#8221; e in questi mondi deve esserci la possibilit\u00e0 di migliorarci, o per lo meno di provarci\u00bb.&nbsp;ULTERIORI INFORMAZIONI SUL SITO DELLA MANIFESTAZIONE:\u00a0\u00a0https:\/\/unamarinadilibri.it\/"},{"@context":"https:\/\/schema.org\/","@type":"BreadcrumbList","itemListElement":[{"@type":"ListItem","position":1,"name":"2020","item":"https:\/\/www.radiotime.it\/2020\/#breadcrumbitem"},{"@type":"ListItem","position":2,"name":"08","item":"https:\/\/www.radiotime.it\/2020\/\/08\/#breadcrumbitem"},{"@type":"ListItem","position":3,"name":"05","item":"https:\/\/www.radiotime.it\/2020\/\/08\/\/05\/#breadcrumbitem"},{"@type":"ListItem","position":4,"name":"Torna &#8220;UNA MARINA DI LIBRI&#8221; all&#8217;Orto Botanico","item":"https:\/\/www.radiotime.it\/2020\/08\/05\/torna-una-marina-di-libri-allorto-botanico\/#breadcrumbitem"}]}]