[{"@context":"https:\/\/schema.org\/","@type":"NewsArticle","@id":"https:\/\/www.radiotime.it\/2020\/08\/05\/ztl-palermo-evola-sinistra-comune-quadro-politico-cambiato-nostra-posizione-coerente-con-programma-elettorale\/#NewsArticle","mainEntityOfPage":"https:\/\/www.radiotime.it\/2020\/08\/05\/ztl-palermo-evola-sinistra-comune-quadro-politico-cambiato-nostra-posizione-coerente-con-programma-elettorale\/","headline":"Ztl Palermo, Evola (Sinistra Comune): \u00abQuadro politico cambiato. Nostra posizione coerente con programma elettorale\u00bb","name":"Ztl Palermo, Evola (Sinistra Comune): \u00abQuadro politico cambiato. Nostra posizione coerente con programma elettorale\u00bb","description":"ZTL PALERMO, PARLA BARBARA EVOLA DI SINISTRA COMUNE &nbsp; Il Consiglio Comunale ha approvato una mozione in cui si chiede la sospensione della ZTL fino alla fine dello stato d\u2019emergenza imposto dal Governo, il commento sulla mozione contro la ZTL di Barbara Evola di Sinistra Comune. &nbsp; L\u2019approvazione della mozione, arrivata con 18 voti favorevoli [&hellip;]","datePublished":"2020-08-05","dateModified":"2020-09-08","author":{"@type":"Person","@id":"https:\/\/www.radiotime.it\/author\/staff\/#Person","name":"staff","url":"https:\/\/www.radiotime.it\/author\/staff\/","identifier":8,"image":{"@type":"ImageObject","@id":"https:\/\/secure.gravatar.com\/avatar\/8f004fcfadece6f5f68f901a61253afb?s=96&d=mm&r=g","url":"https:\/\/secure.gravatar.com\/avatar\/8f004fcfadece6f5f68f901a61253afb?s=96&d=mm&r=g","height":96,"width":96}},"publisher":{"@type":"Organization","name":"RADIOTIME","logo":{"@type":"ImageObject","@id":"https:\/\/www.radiotime.it\/wp-content\/uploads\/2020\/02\/Logo_Time_1500-e1580898267395.png","url":"https:\/\/www.radiotime.it\/wp-content\/uploads\/2020\/02\/Logo_Time_1500-e1580898267395.png","width":600,"height":60}},"image":{"@type":"ImageObject","@id":"https:\/\/www.radiotime.it\/wp-content\/uploads\/2020\/08\/Barbara_Evola-2.jpg","url":"https:\/\/www.radiotime.it\/wp-content\/uploads\/2020\/08\/Barbara_Evola-2.jpg","height":400,"width":600},"url":"https:\/\/www.radiotime.it\/2020\/08\/05\/ztl-palermo-evola-sinistra-comune-quadro-politico-cambiato-nostra-posizione-coerente-con-programma-elettorale\/","about":["Cronaca","Interviste","News"],"wordCount":392,"keywords":["Barbara Evola","Comune di Palermo","consiglio comunale","orlando","ztl"],"articleBody":"ZTL PALERMO, PARLA BARBARA EVOLA DI SINISTRA COMUNE&nbsp;Il Consiglio Comunale ha approvato una mozione in cui si chiede la sospensione della ZTL fino alla fine dello stato d\u2019emergenza imposto dal Governo, il commento sulla mozione contro la ZTL di Barbara Evola di Sinistra Comune.&nbsp;L\u2019approvazione della mozione, arrivata con 18 voti favorevoli e 3 astenuti, ha visto anche una spaccatura nella maggioranza.&nbsp;PALERMO, DAL 3 AGOSTO RIPARTONO ZTL E STRISCE BLU&nbsp;&nbsp;L\u2019abbandono dell\u2019aula virtuale di Italia Viva e i voti favorevoli di esponenti della maggioranza come Giulio Cusumano, hanno di fatto approvato una mozione che va contro la linea elettorale adottata finora dalla Giunta. Intervenuta in esclusiva ai nostri microfoni, l\u2019esponente di Sinistra Comune nonch\u00e9 Consigliere Comunale Barbara Evola, ha voluto commentare le vicende maturate negli ultimi giorni:&nbsp; \u00abL&#8217;ennesimo passo di Italia Viva verso la minoranza mi fa capire che il quadro politico \u00e8 cambiato. Le decisioni che la Giunta prende, fanno parte di un progetto politico che abbiamo costruito insieme e che ci hanno fatto vincere. Non avverto la discontinuit\u00e0. Ognuno di noi deve essere messo in condizioni di lavorare. Il Sindaco, in qualit\u00e0 di garante della maggioranza e del progetto politico, deve esaminare queste situazioni. \u00c8 pi\u00f9 che evidente che ci sia una visione politica diversa. Non si pu\u00f2 votare in base alla simpatia o all&#8217;antipatia. Bisogna capire come procedere\u00bb. &nbsp;Barbara Evola ha cos\u00ec continuato:&nbsp;\u00abIo non credo che nel binomio afflusso di macchine = maggiore attivit\u00e0 commerciale. La diffusione del virus \u00e8 maggiore dove l&#8217;inquinamento aumenta &#8211;continua Evola-. Bisogna risolvere dunque la questione. ZTL2? Assolutamente d&#8217;accordo. Bisogna per\u00f2 potenziare il servizio pubblico, speriamo che AMAT cominci a breve il concorso pubblico. Se noi lasciamo una questione in attesa all&#8217;infinito, non facciamo nulla. Sotto il profilo politico, la posizione mia e del mio gruppo non \u00e8 una difesa assoluta nei confronti dell&#8217;Assessore, ma \u00e8 coerente con il programma elettorale. Tutti vogliono la ZTL, ma non sanno quando cominciarla. Tutti vogliono la ZTL &#8221;per\u00f2&#8221;, e questi per\u00f2 quando li sciogliamo? La gente non entra nei negozi perch\u00e9 non ha da spendere. Preferisco chi \u00e8 contrario e che ha una visione diversa, non quelli che dicono &#8221;siamo d&#8217;accordo, ma\u201d\u00bb.&nbsp;ZTL, APPROVATA MOZIONE PER SOSPENDERLA. SPACCATURA NELLA MAGGIORANZA: &#8220;INOPPORTUNO RIAVVIARLA ORA&#8221;&nbsp;"},{"@context":"https:\/\/schema.org\/","@type":"BreadcrumbList","itemListElement":[{"@type":"ListItem","position":1,"name":"2020","item":"https:\/\/www.radiotime.it\/2020\/#breadcrumbitem"},{"@type":"ListItem","position":2,"name":"08","item":"https:\/\/www.radiotime.it\/2020\/\/08\/#breadcrumbitem"},{"@type":"ListItem","position":3,"name":"05","item":"https:\/\/www.radiotime.it\/2020\/\/08\/\/05\/#breadcrumbitem"},{"@type":"ListItem","position":4,"name":"Ztl Palermo, Evola (Sinistra Comune): \u00abQuadro politico cambiato. Nostra posizione coerente con programma elettorale\u00bb","item":"https:\/\/www.radiotime.it\/2020\/08\/05\/ztl-palermo-evola-sinistra-comune-quadro-politico-cambiato-nostra-posizione-coerente-con-programma-elettorale\/#breadcrumbitem"}]}]