[{"@context":"https:\/\/schema.org\/","@type":"NewsArticle","@id":"https:\/\/www.radiotime.it\/2020\/08\/12\/palermo-boscaglia-accordo-trovato-ora-laddio-alla-virtus-entella\/#NewsArticle","mainEntityOfPage":"https:\/\/www.radiotime.it\/2020\/08\/12\/palermo-boscaglia-accordo-trovato-ora-laddio-alla-virtus-entella\/","headline":"Palermo &#8211; Boscaglia: accordo trovato. Ora l&#8217;addio alla Virtus Entella","name":"Palermo &#8211; Boscaglia: accordo trovato. Ora l&#8217;addio alla Virtus Entella","description":"&nbsp; Palermo &#8211; Boscaglia: accordo trovato &nbsp; Manca solo l&#8217;ufficialit\u00e0 ma Roberto Boscaglia sar\u00e0 l&#8217;allenatore del Palermo. L&#8217;ex tecnico del Trapani, che in questa stagione ha conquistato la salvezza in Serie B con la Virtus Entella, ha avuto un incontro con la dirigenza rosanero in quel di Mondello. &nbsp; L&#8217;accordo di massima, come dichiarato dallo [&hellip;]","datePublished":"2020-08-12","dateModified":"2020-08-13","author":{"@type":"Person","@id":"https:\/\/www.radiotime.it\/author\/staff\/#Person","name":"staff","url":"https:\/\/www.radiotime.it\/author\/staff\/","identifier":8,"image":{"@type":"ImageObject","@id":"https:\/\/secure.gravatar.com\/avatar\/8f004fcfadece6f5f68f901a61253afb?s=96&d=mm&r=g","url":"https:\/\/secure.gravatar.com\/avatar\/8f004fcfadece6f5f68f901a61253afb?s=96&d=mm&r=g","height":96,"width":96}},"publisher":{"@type":"Organization","name":"RADIOTIME","logo":{"@type":"ImageObject","@id":"https:\/\/www.radiotime.it\/wp-content\/uploads\/2020\/02\/Logo_Time_1500-e1580898267395.png","url":"https:\/\/www.radiotime.it\/wp-content\/uploads\/2020\/02\/Logo_Time_1500-e1580898267395.png","width":600,"height":60}},"image":{"@type":"ImageObject","@id":"https:\/\/www.radiotime.it\/wp-content\/uploads\/2020\/08\/Roberto_boscaglia.jpg","url":"https:\/\/www.radiotime.it\/wp-content\/uploads\/2020\/08\/Roberto_boscaglia.jpg","height":331,"width":512},"url":"https:\/\/www.radiotime.it\/2020\/08\/12\/palermo-boscaglia-accordo-trovato-ora-laddio-alla-virtus-entella\/","about":["News","Sport"],"wordCount":341,"keywords":["Allenatore Palermo","Boscaglia","Palermo","Palermo Calcio","Palermo Fc","Roberto Boscaglia"],"articleBody":"&nbsp;Palermo &#8211; Boscaglia: accordo trovato&nbsp;Manca solo l&#8217;ufficialit\u00e0 ma Roberto Boscaglia sar\u00e0 l&#8217;allenatore del Palermo.L&#8217;ex tecnico del Trapani, che in questa stagione ha conquistato la salvezza in Serie B con la Virtus Entella, ha avuto un incontro con la dirigenza rosanero in quel di Mondello.&nbsp;L&#8217;accordo di massima, come dichiarato dallo stesso Sagramola al termine dell&#8217;incontro, \u00e8 stato trovato, ma adesso bisogner\u00e0 aspettare il suo addio ufficiale alla Virtus Entella.Le questioni principali da risolvere erano quelle legate al compenso e allo staff che Boscaglia vorrebbe portare a Palermo.Se per quanto riguarda il contratto, la societ\u00e0 ha confermato l&#8217;eccezione (accordo biennale e cifra che, insieme alla buonuscita che arriver\u00e0 con l&#8217;Entella, si aggira a quella percepita finora a Chiavari) anche parte dello staff di fiducia di Boscaglia \u00e8 pronto ad abbracciare la causa rosanero. Proprio il vice di Boscaglia e il preparatore atletico sono stati avvistati al \u201cRenzo Barbera\u201d qualche giorno fa.&nbsp;In queste ore ci sar\u00e0 l&#8217;incontro tra Roberto Boscaglia e la Virtus Entella, per definire cos\u00ec le modalit\u00e0 del suo addio. Dato il buon rapporto tra le due parti, l\u2019esonero \u00e8 da escludere. La buonuscita sar\u00e0 tale da agevolare sia l\u2019Entella che il Palermo.&nbsp;Il Palermo dunque a breve annuncer\u00e0 il suo tecnico e a poco a poco anche gli acquisti di mercato che dovranno rendere la squadra rosanero protagonista in Serie C il prossimo anno.Molti giocatori, come l\u2019obiettivo di mercato Corazza, sono in attesa di capire chi sar\u00e0 il tecnico che guider\u00e0 i rosanero nella prossima stagione di Serie C che avr\u00e0 inizio il prossimo 27 settembre. Boscaglia, grazie alla propria esperienza, potrebbe attirare diversi giocatori.&nbsp;L\u2019inizio del ritiro, intanto, potrebbe slittare di qualche giorno e dunque cominciare poco tempo dopo rispetto alla data del 17 agosto.&nbsp;Intanto la societ\u00e0 chiede fiducia e pazienza ai tifosi che dopo mesi di silenzio chiedono maggiore chiarezza e fatti.&nbsp;Pochi giorni e la prossima stagione del Palermo avr\u00e0 finalmente inizio."},{"@context":"https:\/\/schema.org\/","@type":"BreadcrumbList","itemListElement":[{"@type":"ListItem","position":1,"name":"2020","item":"https:\/\/www.radiotime.it\/2020\/#breadcrumbitem"},{"@type":"ListItem","position":2,"name":"08","item":"https:\/\/www.radiotime.it\/2020\/\/08\/#breadcrumbitem"},{"@type":"ListItem","position":3,"name":"12","item":"https:\/\/www.radiotime.it\/2020\/\/08\/\/12\/#breadcrumbitem"},{"@type":"ListItem","position":4,"name":"Palermo &#8211; Boscaglia: accordo trovato. Ora l&#8217;addio alla Virtus Entella","item":"https:\/\/www.radiotime.it\/2020\/08\/12\/palermo-boscaglia-accordo-trovato-ora-laddio-alla-virtus-entella\/#breadcrumbitem"}]}]