[{"@context":"https:\/\/schema.org\/","@type":"NewsArticle","@id":"https:\/\/www.radiotime.it\/2020\/08\/14\/x-factor-2020-ritorna-su-sky-uno-dal-17-settembre\/#NewsArticle","mainEntityOfPage":"https:\/\/www.radiotime.it\/2020\/08\/14\/x-factor-2020-ritorna-su-sky-uno-dal-17-settembre\/","headline":"X Factor 2020: ritorna su Sky Uno dal 17 settembre","name":"X Factor 2020: ritorna su Sky Uno dal 17 settembre","description":"Sono passate ormai settimane dall\u2019annuncio che tutti stavate aspettando, quello della giuria di X Factor 2020. In quell\u2019occasione abbiamo gioito per due grandi ritorni, quello di Mika e di Manuel Agnelli. Ma anche per due fantastiche new entry, Emma e Hell Raton. Che squadra, eh!? Intanto, finalmente a Roma sono cominciate le registrazioni di X [&hellip;]","datePublished":"2020-08-14","dateModified":"2020-08-14","author":{"@type":"Person","@id":"https:\/\/www.radiotime.it\/author\/alessandro\/#Person","name":"Redazione","url":"https:\/\/www.radiotime.it\/author\/alessandro\/","identifier":5,"image":{"@type":"ImageObject","@id":"https:\/\/secure.gravatar.com\/avatar\/8376aa91354460349f0772b5903560ae?s=96&d=mm&r=g","url":"https:\/\/secure.gravatar.com\/avatar\/8376aa91354460349f0772b5903560ae?s=96&d=mm&r=g","height":96,"width":96}},"publisher":{"@type":"Organization","name":"RADIOTIME","logo":{"@type":"ImageObject","@id":"https:\/\/www.radiotime.it\/wp-content\/uploads\/2020\/02\/Logo_Time_1500-e1580898267395.png","url":"https:\/\/www.radiotime.it\/wp-content\/uploads\/2020\/02\/Logo_Time_1500-e1580898267395.png","width":600,"height":60}},"image":{"@type":"ImageObject","@id":"https:\/\/www.radiotime.it\/wp-content\/uploads\/2020\/08\/VISORE-GIUDICI-XF2020.png","url":"https:\/\/www.radiotime.it\/wp-content\/uploads\/2020\/08\/VISORE-GIUDICI-XF2020.png","height":844,"width":1350},"url":"https:\/\/www.radiotime.it\/2020\/08\/14\/x-factor-2020-ritorna-su-sky-uno-dal-17-settembre\/","about":["musica"],"wordCount":293,"articleBody":"Sono passate ormai settimane dall\u2019annuncio che tutti stavate aspettando, quello della giuria di X Factor 2020. In quell\u2019occasione abbiamo gioito per due grandi ritorni, quello di Mika e di Manuel Agnelli. Ma anche per due fantastiche new entry, Emma e Hell Raton. Che squadra, eh!?Intanto, finalmente a Roma sono cominciate le registrazioni di X Factor 2020 e abbiamo iniziato a conoscere i nuovi giudici come team, sin da subito uniti e affiatati come una grande famiglia.\u00a0 Emma, Hell Raton, Manuel Agnelli e Mika insieme ad Alessandro Cattelan sono arrivati nella Capitale per ascoltare gli aspiranti concorrenti che sognano di calcare il palco di #XF2020. I nuovi giudici hanno rotto il ghiaccio subito, sembrano nati per stare seduti a quel tavolo!I talenti ascoltati in questi giorni sono stati tantissimi, nella cornice di un set pazzesco e del tutto rinnovato che la nostra crew ha costruito per questo nuovo inizio del nostro talent preferito. Le selezioni sono state dure per tutti e la competizione \u00e8 gi\u00e0 nell\u2019aria, tutti hanno gi\u00e0 le idee molto chiare. Chiss\u00e0 cosa succeder\u00e0 con l\u2019inizio dei Live Show quando la gara entrer\u00e0 nel vivo. Non vediamo l\u2019ora di scoprirlo insieme a voi, ma il percorso che precede i Live \u00e8 lungo e per niente semplice, e noi non vogliamo anticiparvi niente ma abbiamo una grande notizia per voi. Prendete il vostro calendario, appuntate questa data e ovviamente non prendete impegni: 17 settembre 2020.Gioved\u00ec 17 settembre X Factor 2020 torna in onda con la nuova, attesissima edizione in prima serata su Sky Uno.Save the date! Vi aspettiamo pi\u00f9 carichi che mai, pronti a guardare e commentare insieme lo show pi\u00f9 rock della TV. Le novit\u00e0 che vi aspettano sono tantissime e siamo sicuri che rimarrete a bocca aperta!"},{"@context":"https:\/\/schema.org\/","@type":"BreadcrumbList","itemListElement":[{"@type":"ListItem","position":1,"name":"2020","item":"https:\/\/www.radiotime.it\/2020\/#breadcrumbitem"},{"@type":"ListItem","position":2,"name":"08","item":"https:\/\/www.radiotime.it\/2020\/\/08\/#breadcrumbitem"},{"@type":"ListItem","position":3,"name":"14","item":"https:\/\/www.radiotime.it\/2020\/\/08\/\/14\/#breadcrumbitem"},{"@type":"ListItem","position":4,"name":"X Factor 2020: ritorna su Sky Uno dal 17 settembre","item":"https:\/\/www.radiotime.it\/2020\/08\/14\/x-factor-2020-ritorna-su-sky-uno-dal-17-settembre\/#breadcrumbitem"}]}]