[{"@context":"https:\/\/schema.org\/","@type":"NewsArticle","@id":"https:\/\/www.radiotime.it\/2020\/08\/20\/latina-il-nuovo-singolo-di-emma-marrone\/#NewsArticle","mainEntityOfPage":"https:\/\/www.radiotime.it\/2020\/08\/20\/latina-il-nuovo-singolo-di-emma-marrone\/","headline":"&#8220;Latina&#8221;, il nuovo singolo di\u00a0Emma Marrone","name":"&#8220;Latina&#8221;, il nuovo singolo di\u00a0Emma Marrone","description":"Il 28 agosto sar\u00e0 disponibile in radio e in digitale il nuovo singolo di Emma Marrone da oggi disponibile in pre-save Da venerd\u00ec 28 agosto sar\u00e0 in radio e in digitale &#8220;Latina&#8221;, il nuovo singolo di\u00a0Emma Marrone. Il brano, disponibile da oggi in pre-save su Spotify (umusic.digital\/latina), \u00e8 stato scritto per lei da Dario Faini, [&hellip;]","datePublished":"2020-08-20","dateModified":"2020-08-20","author":{"@type":"Person","@id":"https:\/\/www.radiotime.it\/author\/alessandro\/#Person","name":"Redazione","url":"https:\/\/www.radiotime.it\/author\/alessandro\/","identifier":5,"image":{"@type":"ImageObject","@id":"https:\/\/secure.gravatar.com\/avatar\/8376aa91354460349f0772b5903560ae?s=96&d=mm&r=g","url":"https:\/\/secure.gravatar.com\/avatar\/8376aa91354460349f0772b5903560ae?s=96&d=mm&r=g","height":96,"width":96}},"publisher":{"@type":"Organization","name":"RADIOTIME","logo":{"@type":"ImageObject","@id":"https:\/\/www.radiotime.it\/wp-content\/uploads\/2020\/02\/Logo_Time_1500-e1580898267395.png","url":"https:\/\/www.radiotime.it\/wp-content\/uploads\/2020\/02\/Logo_Time_1500-e1580898267395.png","width":600,"height":60}},"image":{"@type":"ImageObject","@id":"https:\/\/www.radiotime.it\/wp-content\/uploads\/2020\/08\/emma-1.jpg","url":"https:\/\/www.radiotime.it\/wp-content\/uploads\/2020\/08\/emma-1.jpg","height":640,"width":960},"url":"https:\/\/www.radiotime.it\/2020\/08\/20\/latina-il-nuovo-singolo-di-emma-marrone\/","about":["musica"],"wordCount":318,"articleBody":"Il 28 agosto sar\u00e0 disponibile in radio e in digitale il nuovo singolo di Emma Marrone da oggi disponibile in pre-saveDa venerd\u00ec 28 agosto sar\u00e0 in radio e in digitale &#8220;Latina&#8221;, il nuovo singolo di\u00a0Emma Marrone. Il brano, disponibile da oggi in pre-save su Spotify (umusic.digital\/latina), \u00e8 stato scritto per lei da Dario Faini, Edoardo D\u2019Erme e Davide Petrella con la produzione di DRD aka Dardust.&#8220;Latina&#8221;, il nuovo singolo di\u00a0Emma Marrone   View this post on Instagram  Ho ricevuto questa canzone LATINA il giorno del mio compleanno su whatsapp da @calcutta_foto_di @realdrd e @tropico_petrella  Mi sono emozionata &#8230; era inaspettata &#8230; e ho sentito da parte di tutti la voglia di spingersi in acque inesplorate &#8230; Mi piacciono le sfide,mi piace provare a scoprire fin dove posso spingermi.. Latina \u00e8 proprio questo.. una canzone forte e diretta .. che profuma di libert\u00e0 .. Mi sento proiettata in una nuova dimensione e sono pronta per questo nuovo cambiamento&#8230; SONO SOLO UNA CANZONE &#8230; E SONO QUI DENTRO LA RADIO. #latina #28agostoA post shared by  Emma Marrone (@real_brown) on Aug 20, 2020 at 2:01am PDT\u00abHo ricevuto questa canzone Latina il giorno del mio compleanno su whatsapp da Calcutta, Faini e Petrella \u2013 racconta Emma\u200b \u2013 mi sono emozionata\u2026 era inaspettata\u2026 e ho sentito da parte di tutti la voglia di spingersi in acque inesplorate. Mi piacciono le sfide, mi piace provare a scoprire fin dove posso spingermi. Latina \u00e8 proprio questo\u2026 una canzone forte e diretta che profuma di libert\u00e0. Mi sento proiettata in una nuova dimensione e sono pronta per questo nuovo cambiamento\u2026 \u200bsono solo una canzone\u2026 e sono qui dentro la radio\u200b\u00bb.La cantante \u00e8 attualmente impegnata con le selezioni per la nuova edizioni di X Factor dove quest\u2019anno far\u00e0 parte della giuria con Mika, Hell Raton e Manuel Agnelli. Ricordiamo che dal maggio 2021 al via il\u00a0nuovo tour nei palazzetti."},{"@context":"https:\/\/schema.org\/","@type":"BreadcrumbList","itemListElement":[{"@type":"ListItem","position":1,"name":"2020","item":"https:\/\/www.radiotime.it\/2020\/#breadcrumbitem"},{"@type":"ListItem","position":2,"name":"08","item":"https:\/\/www.radiotime.it\/2020\/\/08\/#breadcrumbitem"},{"@type":"ListItem","position":3,"name":"20","item":"https:\/\/www.radiotime.it\/2020\/\/08\/\/20\/#breadcrumbitem"},{"@type":"ListItem","position":4,"name":"&#8220;Latina&#8221;, il nuovo singolo di\u00a0Emma Marrone","item":"https:\/\/www.radiotime.it\/2020\/08\/20\/latina-il-nuovo-singolo-di-emma-marrone\/#breadcrumbitem"}]}]