[{"@context":"https:\/\/schema.org\/","@type":"NewsArticle","@id":"https:\/\/www.radiotime.it\/2020\/08\/27\/nicoletta-lo-bue-intervista-niccolo-fabi\/#NewsArticle","mainEntityOfPage":"https:\/\/www.radiotime.it\/2020\/08\/27\/nicoletta-lo-bue-intervista-niccolo-fabi\/","headline":"Nicoletta Lo Bue intervista Niccol\u00f2 Fabi","name":"Nicoletta Lo Bue intervista Niccol\u00f2 Fabi","description":"Nicoletta Lo Bue intervista Niccol\u00f2 Fabi Nicoletta Lo Bue intervista Niccol\u00f2 Fabi a Palazzo d&#8217;Aumale a Terrasini all&#8217;interno della rassegna Scruscio condotta da Minutella. Un periodo difficile questo in cui viviamo, la Pandemia, il lockdown, il rinvio del tuo tour estivo 2020, ma comunque sei riuscito a creare delle occasioni con il pubblico, come li [&hellip;]","datePublished":"2020-08-27","dateModified":"2020-08-27","author":{"@type":"Person","@id":"https:\/\/www.radiotime.it\/author\/alessandro\/#Person","name":"Redazione","url":"https:\/\/www.radiotime.it\/author\/alessandro\/","identifier":5,"image":{"@type":"ImageObject","@id":"https:\/\/secure.gravatar.com\/avatar\/8376aa91354460349f0772b5903560ae?s=96&d=mm&r=g","url":"https:\/\/secure.gravatar.com\/avatar\/8376aa91354460349f0772b5903560ae?s=96&d=mm&r=g","height":96,"width":96}},"publisher":{"@type":"Organization","name":"RADIOTIME","logo":{"@type":"ImageObject","@id":"https:\/\/www.radiotime.it\/wp-content\/uploads\/2020\/02\/Logo_Time_1500-e1580898267395.png","url":"https:\/\/www.radiotime.it\/wp-content\/uploads\/2020\/02\/Logo_Time_1500-e1580898267395.png","width":600,"height":60}},"image":{"@type":"ImageObject","@id":"https:\/\/www.radiotime.it\/wp-content\/uploads\/2020\/08\/intervista-fabi.png","url":"https:\/\/www.radiotime.it\/wp-content\/uploads\/2020\/08\/intervista-fabi.png","height":616,"width":1055},"url":"https:\/\/www.radiotime.it\/2020\/08\/27\/nicoletta-lo-bue-intervista-niccolo-fabi\/","about":["Interviste","musica"],"wordCount":93,"articleBody":"Nicoletta Lo Bue intervista Niccol\u00f2 FabiNicoletta Lo Bue intervista Niccol\u00f2 Fabi a Palazzo d&#8217;Aumale a Terrasini all&#8217;interno della rassegna Scruscio condotta da Minutella.Un periodo difficile questo in cui viviamo, la Pandemia, il lockdown, il rinvio del tuo tour estivo 2020, ma comunque sei riuscito a creare delle occasioni con il pubblico, come li chiami tu &#8220;dei concertelli&#8221;, cosa si prova a reincontrare il pubblico dopo un periodo cosi particolare e come hai vissuto la ripresa&#8230;.Ascolta e guarda l&#8217;intervista a\u00a0 Niccol\u00f2 Fabi :\t\t\t\t\t\t\t\tIntervista Niccolo Fabi\t\t\t{\"type\":\"video\",\"tracklist\":true,\"tracknumbers\":true,\"images\":true,\"artists\":true,\"tracks\":[{\"src\":\"https:\\\/\\\/www.radiotime.it\\\/wp-content\\\/uploads\\\/2020\\\/08\\\/Intervista-Niccolo-Fabi.mp4\",\"type\":\"video\\\/mp4\",\"title\":\"Intervista Niccolo Fabi\",\"caption\":\"Nicoletta Lo Bue Intervista Niccolo Fabi\",\"description\":\"\",\"meta\":{\"length_formatted\":\"8:56\"},\"dimensions\":{\"original\":{\"width\":1280,\"height\":720},\"resized\":{\"width\":878,\"height\":494}},\"image\":{\"src\":\"https:\\\/\\\/www.radiotime.it\\\/wp-includes\\\/images\\\/media\\\/video.png\",\"width\":48,\"height\":64},\"thumb\":{\"src\":\"https:\\\/\\\/www.radiotime.it\\\/wp-includes\\\/images\\\/media\\\/video.png\",\"width\":48,\"height\":64}}]}\t&nbsp;&nbsp;\u00a0&nbsp;"},{"@context":"https:\/\/schema.org\/","@type":"BreadcrumbList","itemListElement":[{"@type":"ListItem","position":1,"name":"2020","item":"https:\/\/www.radiotime.it\/2020\/#breadcrumbitem"},{"@type":"ListItem","position":2,"name":"08","item":"https:\/\/www.radiotime.it\/2020\/\/08\/#breadcrumbitem"},{"@type":"ListItem","position":3,"name":"27","item":"https:\/\/www.radiotime.it\/2020\/\/08\/\/27\/#breadcrumbitem"},{"@type":"ListItem","position":4,"name":"Nicoletta Lo Bue intervista Niccol\u00f2 Fabi","item":"https:\/\/www.radiotime.it\/2020\/08\/27\/nicoletta-lo-bue-intervista-niccolo-fabi\/#breadcrumbitem"}]}]