[{"@context":"https:\/\/schema.org\/","@type":"NewsArticle","@id":"https:\/\/www.radiotime.it\/2020\/08\/30\/palermo-le-ultime-dal-ritiro-pre-campionato-a-petralia-sottana\/#NewsArticle","mainEntityOfPage":"https:\/\/www.radiotime.it\/2020\/08\/30\/palermo-le-ultime-dal-ritiro-pre-campionato-a-petralia-sottana\/","headline":"Palermo, le ultime dal ritiro pre-campionato a Petralia Sottana","name":"Palermo, le ultime dal ritiro pre-campionato a Petralia Sottana","description":"PALERMO, LE ULTIME DAL RITIRO &nbsp; La prima settimana di ritiro del Palermo Fc a Petralia Sottana si \u00e8 appena conclusa. La squadra di mister Boscaglia, nel comune madonita da luned\u00ec 24, ha cominciato la sua preparazione in vista della prossima Serie C che avr\u00e0 inizio il 27 settembre. &nbsp; Prima settimana di ritiro incentrata [&hellip;]","datePublished":"2020-08-30","dateModified":"2020-08-30","author":{"@type":"Person","@id":"https:\/\/www.radiotime.it\/author\/staff\/#Person","name":"staff","url":"https:\/\/www.radiotime.it\/author\/staff\/","identifier":8,"image":{"@type":"ImageObject","@id":"https:\/\/secure.gravatar.com\/avatar\/8f004fcfadece6f5f68f901a61253afb?s=96&d=mm&r=g","url":"https:\/\/secure.gravatar.com\/avatar\/8f004fcfadece6f5f68f901a61253afb?s=96&d=mm&r=g","height":96,"width":96}},"publisher":{"@type":"Organization","name":"RADIOTIME","logo":{"@type":"ImageObject","@id":"https:\/\/www.radiotime.it\/wp-content\/uploads\/2020\/02\/Logo_Time_1500-e1580898267395.png","url":"https:\/\/www.radiotime.it\/wp-content\/uploads\/2020\/02\/Logo_Time_1500-e1580898267395.png","width":600,"height":60}},"image":{"@type":"ImageObject","@id":"https:\/\/www.radiotime.it\/wp-content\/uploads\/2020\/08\/photo_2020-08-30_12-57-32-e1688480292221.jpg","url":"https:\/\/www.radiotime.it\/wp-content\/uploads\/2020\/08\/photo_2020-08-30_12-57-32-e1688480292221.jpg","height":512,"width":928},"url":"https:\/\/www.radiotime.it\/2020\/08\/30\/palermo-le-ultime-dal-ritiro-pre-campionato-a-petralia-sottana\/","about":["News","Sport"],"wordCount":350,"keywords":["Boscaglia","Palermo","Palermo Calcio","Palermo Fc","serie c"],"articleBody":"PALERMO, LE ULTIME DAL RITIRO&nbsp;La prima settimana di ritiro del Palermo Fc a Petralia Sottana si \u00e8 appena conclusa. La squadra di mister Boscaglia, nel comune madonita da luned\u00ec 24, ha cominciato la sua preparazione in vista della prossima Serie C che avr\u00e0 inizio il 27 settembre.&nbsp;Prima settimana di ritiro incentrata molto sulla tattica, con mister Boscaglia che prova a disegnare un Palermo che dovr\u00e0 essere protagonista nel prossimo campionato. Lezioni di calcio ogni giorno in quel di Petralia, dove Boscaglia prova a trasmettere la propria idea di gioco ad una rosa che attualmente vede circa venti giocatori.&nbsp;Diversi i giocatori arrivati quest\u2019anno al Palermo: da Marconi a Valente fino a Saraniti e Palazzi.Non mancano neppure i giovani, con i giovani della Primavera che si sono uniti ai gi\u00e0 \u2018\u2019under\u2019\u2019 Silipo, Lucca e Doda.A proposito di Doda, il giocatore si \u00e8 dovuto fermare qualche giorno fa a causa di problema fisico; i tempi di recupero non sono ancora chiari.Pelagotti, che negli ultimi giorni non si \u00e8 allenato con la squadra, torner\u00e0 ad allenarsi regolarmente con i propri compagni marted\u00ec.&nbsp;Intanto, mister Boscaglia lavora molto sulla difesa, reparto che, rispetto agli altri, non ha bisogno di nuovi innesti se non sulla fascia sinistra che vede il solo Crivello.In attesa dei prossimi arrivi, il Palermo di Boscaglia prende forma: 4-3-2-1; 4-3-1-2 ma anche 4-4-1-1. Insomma, un Palermo poliedrico quello visto in questi giorni a Petralia e che potrebbe vedere la sua definitiva identit\u00e0 nei prossimi giorni.&nbsp;Il ritiro, che inizialmente doveva durare circa 15 giorni, potrebbe concludersi il 14 settembre. Alla base di tale decisione, oltre la volont\u00e0 di Boscaglia di riportare in forma i giocatori che non giocano da marzo, anche la questione \u201cPasqualino\u201d.L\u2019impianto di Carini dove si dovrebbe allenare il Palermo non \u00e8 ancora stato assegnato, si aspetta il bando del Comune.&nbsp;Il campionato del Palermo comincer\u00e0 ufficialmente il 27 settembre e gi\u00e0 il 10 settembre, giorno di presentazione dei calendari di Serie C, sapremo chi sar\u00e0 il primo avversario rosanero."},{"@context":"https:\/\/schema.org\/","@type":"BreadcrumbList","itemListElement":[{"@type":"ListItem","position":1,"name":"2020","item":"https:\/\/www.radiotime.it\/2020\/#breadcrumbitem"},{"@type":"ListItem","position":2,"name":"08","item":"https:\/\/www.radiotime.it\/2020\/\/08\/#breadcrumbitem"},{"@type":"ListItem","position":3,"name":"30","item":"https:\/\/www.radiotime.it\/2020\/\/08\/\/30\/#breadcrumbitem"},{"@type":"ListItem","position":4,"name":"Palermo, le ultime dal ritiro pre-campionato a Petralia Sottana","item":"https:\/\/www.radiotime.it\/2020\/08\/30\/palermo-le-ultime-dal-ritiro-pre-campionato-a-petralia-sottana\/#breadcrumbitem"}]}]