[{"@context":"https:\/\/schema.org\/","@type":"NewsArticle","@id":"https:\/\/www.radiotime.it\/2020\/09\/01\/la-mozione-di-sfiducia-ad-orlando-approda-in-consiglio-comunale-lincapacita-amministrativa-e-chiara-ed-evidente\/#NewsArticle","mainEntityOfPage":"https:\/\/www.radiotime.it\/2020\/09\/01\/la-mozione-di-sfiducia-ad-orlando-approda-in-consiglio-comunale-lincapacita-amministrativa-e-chiara-ed-evidente\/","headline":"La mozione di sfiducia ad Orlando approda in Consiglio Comunale: \u00abL\u2019incapacit\u00e0 amministrativa \u00e8 chiara ed evidente\u00bb","name":"La mozione di sfiducia ad Orlando approda in Consiglio Comunale: \u00abL\u2019incapacit\u00e0 amministrativa \u00e8 chiara ed evidente\u00bb","description":"PRESENTATA MOZIONE DI SFIDUCIA AD ORLANDO &nbsp; La mozione di sfiducia nei confronti del Sindaco Leoluca Orlando approda in Consiglio Comunale. Il documento, depositato proprio ieri, vede attualmente 19 firme a fronte delle 24 che servono per essere approvata. Una mozione firmata da tutti i gruppi consiliari di minoranza. &nbsp; &nbsp; Durante il Time Magazine [&hellip;]","datePublished":"2020-09-01","dateModified":"2020-09-08","author":{"@type":"Person","@id":"https:\/\/www.radiotime.it\/author\/staff\/#Person","name":"staff","url":"https:\/\/www.radiotime.it\/author\/staff\/","identifier":8,"image":{"@type":"ImageObject","@id":"https:\/\/secure.gravatar.com\/avatar\/8f004fcfadece6f5f68f901a61253afb?s=96&d=mm&r=g","url":"https:\/\/secure.gravatar.com\/avatar\/8f004fcfadece6f5f68f901a61253afb?s=96&d=mm&r=g","height":96,"width":96}},"publisher":{"@type":"Organization","name":"RADIOTIME","logo":{"@type":"ImageObject","@id":"https:\/\/www.radiotime.it\/wp-content\/uploads\/2020\/02\/Logo_Time_1500-e1580898267395.png","url":"https:\/\/www.radiotime.it\/wp-content\/uploads\/2020\/02\/Logo_Time_1500-e1580898267395.png","width":600,"height":60}},"image":{"@type":"ImageObject","@id":"https:\/\/www.radiotime.it\/wp-content\/uploads\/2020\/07\/orlando.jpg","url":"https:\/\/www.radiotime.it\/wp-content\/uploads\/2020\/07\/orlando.jpg","height":391,"width":395},"url":"https:\/\/www.radiotime.it\/2020\/09\/01\/la-mozione-di-sfiducia-ad-orlando-approda-in-consiglio-comunale-lincapacita-amministrativa-e-chiara-ed-evidente\/","about":["Cronaca","News","Time Magazine"],"wordCount":799,"keywords":["Comune di Palermo","consiglio comunale","Leoluca Orlando","Mozione di sfiducia","orlando","sindaco"],"articleBody":"PRESENTATA MOZIONE DI SFIDUCIA AD ORLANDO&nbsp;La mozione di sfiducia nei confronti del Sindaco Leoluca Orlando approda in Consiglio Comunale. Il documento, depositato proprio ieri, vede attualmente 19 firme a fronte delle 24 che servono per essere approvata. Una mozione firmata da tutti i gruppi consiliari di minoranza.&nbsp;&nbsp;Durante il Time Magazine di oggi abbiamo dato voce ad alcuni dei Consiglieri che hanno messo la propria firma in questa mozione di fiducia, tra questi anche il Consigliere Comunale della Lega Igor Gelarda:\u00ab\u00c8 arrivata nota del Sindaco Leoluca Orlando in cui c\u2019\u00e8 scritto che, in base alla notizia relativa alla presentazione del documento di sfiducia, ritiene opportuno calendarizzarla immediatamente, ma nel frattempo, fino alla data prevista per la discussione del documento, lo scrivente e la Giunta non prenderanno parte ai lavori del Consiglio Comunale. Alla luce di ci\u00f2, posso dire che non ce ne accorgeremo, perch\u00e9 dall&#8217;inizio dei lavori credo non siano arrivati a dieci presenze in Consiglio Comunali. \u201cRitirare il suo esercito\u201d mi sembra politicamente scorretto\u00bb. &nbsp;Gelarda ha poi continuato:\u00abLa motivazione peggiore? Credo che quello che abbia infastidito di pi\u00f9 sia stato il fatto che lui abbia gestito male una citt\u00e0, ma ha raccontato al mondo una storia completamente diversa. Questo ha fatto infuriare di pi\u00f9 i palermitani. L\u2019incapacit\u00e0 amministrativa \u00e8 chiara ed evidente\u00bb.https:\/\/www.radiotime.it\/wp-content\/uploads\/2020\/09\/TM-intervista-Igor-Gelarda-01-09-2020.mp3&nbsp;Anche Fabrizio Ferrandelli, il Consigliere di +Europa la cui idea sulla mozione di sfiducia \u00e8 sempre stata abbastanza chiara, \u00e8 intervenuto cos\u00ec durante il Time Magazine:&nbsp;\u00abDichiarazioni del Sindaco? Beh, siamo abituati alla sua assenza quindi non ne sentiremo la sua mancanza. Abbiamo chiesto al Presidente di calendarizzare il prima possibile la discussione per la mozione di sfiducia, speriamo di poterlo fare il 15 settembre. Motivazioni per convincere gli altri consiglieri? Abbiamo scritto una mozione di sfiducia raccontando la situazione della citt\u00e0 e tracciandone la fotografia: dalla questione cimiteri alla mobilit\u00e0, passando alla questione rifiuti\u00bb. &nbsp;Ferrandelli, poi, continua:\u00abNella mozione di sfiducia ad Orlando diamo la possibilit\u00e0 ai consiglieri di maggioranza di constatare che un periodo \u00e8 finito e che la citt\u00e0 ha bisogno di un nuovo\u00a0 slancio. \u00c8 giusto far dire la propria anche ai palermitani. Vogliamo chiarezza e vogliamo sentire le motivazioni di coloro i quali vogliono ancora mettere la propria faccia accanto al Sindaco\u00bb.https:\/\/www.radiotime.it\/wp-content\/uploads\/2020\/09\/TM-intervista-Fabrizio-Ferrandelli-01-09-2020.mp3&nbsp;La mozione di sfiducia ad Orlando non pu\u00f2 essere approvata senza alcuni voti dei Consiglieri di maggioranza. Al Time Magazine \u00e8 intervenuto anche Ottavio Zacco di Sicilia Futura &#8211; Italia Viva:&nbsp;\u00abChiaro che \u00e8 un momento politico delicato per la citt\u00e0, noi leggeremo e valuteremo con calma il documento della mozione. Noi abbiamo aderito ad un progetto politico cominciato nel 2017 con il Sindaco e gli alleati ed \u00e8 chiaro che fin quando quel progetto continuer\u00e0, noi saremo dalla parte di Orlando. In citt\u00e0 molte cose non vanno, ma se andassimo oggi alle elezioni, aiuteremmo la citt\u00e0 a superare queste difficolt\u00e0? Aldil\u00e0 delle strumentalizzazioni politiche, oggi l\u2019amministrazione comunale \u00e8 in una fase delicata\u00bb. &nbsp;Ottavio Zacco ha cos\u00ec continuato:\u00abOgnuno di noi deve fare una riflessione seria, mettendo al centro di tutto il bene della citt\u00e0 e fare un\u2019analisi senza strumentalizzazione. Non c\u2019\u00e8 un problema politico, ma amministrativo. Qualcosa in Giunta va rivista, io non posso pi\u00f9 sentire la strumentalizzazione da parte di assessori che continuano a mettere drammi al Sindaco. Si sta valutando la possibilit\u00e0 di fare un Consiglio di presenza La decisione di Orlando? Politicamente ha un senso, da uomo delle Istituzioni dico che \u00e8 sbagliato perch\u00e9 bisogna continuare a lavorare per il bene della citt\u00e0\u00bb.&nbsp;https:\/\/www.radiotime.it\/wp-content\/uploads\/2020\/09\/TM-intervista-Ottavio-Zacco-01-09-2020.mp3&nbsp;Anche Francesco Bertolino, Consigliere Comunale di Italia Viva, ha commentato cos\u00ec la mozione di sfiducia nei confronti di Orlando che approder\u00e0 a breve in Consiglio Comunale:&nbsp;\u00ab\u00c8 evidente che il mio gruppo consiliare ha sempre sostenuto questa amministrazione e continuer\u00e0 a farlo. Italia Viva ha assunto posizione critiche in base alla mancata condivisione di alcuni passaggi come per la ZTL, sul modus operandi di alcuni componenti della Giunta\u00bb. &nbsp;Bertolino ha poi parlato dell&#8217;assessore Giusto Catania:&nbsp;\u00abNon \u00e8 solo una questione di Giusto Catania, riteniamo ci debba essere, da parte dell\u2019amministrazione, maggiore confronto con la propria maggioranza. Il Sindaco, nonostante le difficolt\u00e0 e le mille criticit\u00e0, continua a svolgere egregiamente il proprio lavoro. L\u2019atto di mozione \u00e8 molto forte. In base ai vari punti presentati dai colleghi di minoranza, mi aspetto, da parte del Sindaco, un\u2019analisi delle criticit\u00e0 presentate e dunque potr\u00e0 smontarle o trovare delle soluzioni. Ascolteremo con attenzione\u00bb.https:\/\/www.radiotime.it\/wp-content\/uploads\/2020\/09\/TM-intervista-Francesco-Bertolino-01-09-2020.mp3"},{"@context":"https:\/\/schema.org\/","@type":"BreadcrumbList","itemListElement":[{"@type":"ListItem","position":1,"name":"2020","item":"https:\/\/www.radiotime.it\/2020\/#breadcrumbitem"},{"@type":"ListItem","position":2,"name":"09","item":"https:\/\/www.radiotime.it\/2020\/\/09\/#breadcrumbitem"},{"@type":"ListItem","position":3,"name":"01","item":"https:\/\/www.radiotime.it\/2020\/\/09\/\/01\/#breadcrumbitem"},{"@type":"ListItem","position":4,"name":"La mozione di sfiducia ad Orlando approda in Consiglio Comunale: \u00abL\u2019incapacit\u00e0 amministrativa \u00e8 chiara ed evidente\u00bb","item":"https:\/\/www.radiotime.it\/2020\/09\/01\/la-mozione-di-sfiducia-ad-orlando-approda-in-consiglio-comunale-lincapacita-amministrativa-e-chiara-ed-evidente\/#breadcrumbitem"}]}]