[{"@context":"https:\/\/schema.org\/","@type":"NewsArticle","@id":"https:\/\/www.radiotime.it\/2020\/09\/07\/chiude-lauchan-del-conca-doro-mimma-calabro-non-tutti-i-dipendenti-torneranno-a-lavorare\/#NewsArticle","mainEntityOfPage":"https:\/\/www.radiotime.it\/2020\/09\/07\/chiude-lauchan-del-conca-doro-mimma-calabro-non-tutti-i-dipendenti-torneranno-a-lavorare\/","headline":"Chiude l&#8217;Auchan del Conca D&#8217;oro, Mimma Calabr\u00f2: \u00abNon tutti i dipendenti torneranno a lavorare\u00bb","name":"Chiude l&#8217;Auchan del Conca D&#8217;oro, Mimma Calabr\u00f2: \u00abNon tutti i dipendenti torneranno a lavorare\u00bb","description":"Chiude l\u2019Auchan del Conca D\u2019Oro a Palermo. La chiusura, gi\u00e0 nell\u2019aria da diverso tempo, si \u00e8 concretizzata nelle ultime ore. La chiusura, annunciata da tempo, \u00e8 dovuta all&#8217;acquisizione, da parte di \u201cPianeta Cospea&#8220;, dell&#8217;ipermercato, ma con una superficie ridotta 6100mq contro gli attuali 9300 mq. &nbsp; \u00abDa domani (oggi, ndr), 7 settembre \u2013 si legge [&hellip;]","datePublished":"2020-09-07","dateModified":"2020-09-07","author":{"@type":"Person","@id":"https:\/\/www.radiotime.it\/author\/staff\/#Person","name":"staff","url":"https:\/\/www.radiotime.it\/author\/staff\/","identifier":8,"image":{"@type":"ImageObject","@id":"https:\/\/secure.gravatar.com\/avatar\/8f004fcfadece6f5f68f901a61253afb?s=96&d=mm&r=g","url":"https:\/\/secure.gravatar.com\/avatar\/8f004fcfadece6f5f68f901a61253afb?s=96&d=mm&r=g","height":96,"width":96}},"publisher":{"@type":"Organization","name":"RADIOTIME","logo":{"@type":"ImageObject","@id":"https:\/\/www.radiotime.it\/wp-content\/uploads\/2020\/02\/Logo_Time_1500-e1580898267395.png","url":"https:\/\/www.radiotime.it\/wp-content\/uploads\/2020\/02\/Logo_Time_1500-e1580898267395.png","width":600,"height":60}},"image":{"@type":"ImageObject","@id":"https:\/\/www.radiotime.it\/wp-content\/uploads\/2020\/09\/auchan_concadoro.jpg","url":"https:\/\/www.radiotime.it\/wp-content\/uploads\/2020\/09\/auchan_concadoro.jpg","height":683,"width":1024},"url":"https:\/\/www.radiotime.it\/2020\/09\/07\/chiude-lauchan-del-conca-doro-mimma-calabro-non-tutti-i-dipendenti-torneranno-a-lavorare\/","about":["Cronaca","Interviste","News","Time Magazine"],"wordCount":322,"keywords":["Auchan","Chiusura","Conca D'oro","Mimma Calabr\u00f2","Palermo"],"articleBody":"Chiude l\u2019Auchan del Conca D\u2019Oro a Palermo. La chiusura, gi\u00e0 nell\u2019aria da diverso tempo, si \u00e8 concretizzata nelle ultime ore.La chiusura, annunciata da tempo, \u00e8 dovuta all&#8217;acquisizione, da parte di \u201cPianeta Cospea&#8220;, dell&#8217;ipermercato, ma con una superficie ridotta 6100mq contro gli attuali 9300 mq.&nbsp;\u00abDa domani (oggi, ndr), 7 settembre \u2013 si legge in una nota -, Pianeta Cospea, societ\u00e0 di totale propriet\u00e0 di Pac 2000, diventa proprietaria dell\u2019ipermercato ma con una superficie ridotta: 6.100 metri quadrati contro gli attuali 9.300. La trattativa con le organizzazioni sindacali \u00e8 ancora in corso ma l\u2019azienda ha gi\u00e0 chiamato i lavoratori che verranno trasferiti a Pianeta Cospea: circa 120 su 172. Dunque 52 lavoratori al momento rimarranno alle dipendenze di Margherita Distribuzione e in cassa integrazione\u00bb.&nbsp;Gran parte dei lavoratori, che prima del trasferimento all\u2019Auchan del Conca D\u2019Oro nel 2013 erano dipendenti di Citt\u00e0 Mercato in Via Ugo La Malfa, saranno dunque ricollocati. Gli altri dipendenti saranno messi in cassa integrazione e rimarranno alle dipendenze di Margherita Distribuzione.&nbsp;L\u2019ipermercato all&#8217;interno del Conca D\u2019oro, tuttavia, riaprir\u00e0 il 21 settembre, ma con un nuovo marchio.&nbsp;In merito alla chiusura dell\u2019Auchan del Conca D\u2019oro ha parlato Mimma Calabr\u00f2, segretario generale della Fisascat Cisl Sicilia, durante il Time Magazine di oggi:&nbsp;\u00abNon sono tutte rose e tutti fiori. Abbiamo fatto un incontro, ma riapriremo il discorso nei prossimi giorni. Su 177 dipendenti, 120 hanno trovato una collocazione all\u2019interno di Pianeta Cospea, gli altri no. Pianeta Cospea occuper\u00e0 solo una parte della superficie. Il resto verr\u00e0 affidata ad altri. Qualche unit\u00e0 andrebbe in pensione, ma altre non verrebbero comunque collocate. Ci aspettiamo che il Conad si prenda in carico quei dipendenti che sono rimasti fuori. Ci sono persone che sono rimaste fuori. \u00c8 una partita delicata. Ci sono persone che in questo momento che stanno piangendo\u00bb.&nbsp;https:\/\/www.radiotime.it\/wp-content\/uploads\/2020\/09\/TM-intervista-Mimma-Calabr\u00f2-07-09-2020.mp3"},{"@context":"https:\/\/schema.org\/","@type":"BreadcrumbList","itemListElement":[{"@type":"ListItem","position":1,"name":"2020","item":"https:\/\/www.radiotime.it\/2020\/#breadcrumbitem"},{"@type":"ListItem","position":2,"name":"09","item":"https:\/\/www.radiotime.it\/2020\/\/09\/#breadcrumbitem"},{"@type":"ListItem","position":3,"name":"07","item":"https:\/\/www.radiotime.it\/2020\/\/09\/\/07\/#breadcrumbitem"},{"@type":"ListItem","position":4,"name":"Chiude l&#8217;Auchan del Conca D&#8217;oro, Mimma Calabr\u00f2: \u00abNon tutti i dipendenti torneranno a lavorare\u00bb","item":"https:\/\/www.radiotime.it\/2020\/09\/07\/chiude-lauchan-del-conca-doro-mimma-calabro-non-tutti-i-dipendenti-torneranno-a-lavorare\/#breadcrumbitem"}]}]