[{"@context":"https:\/\/schema.org\/","@type":"NewsArticle","@id":"https:\/\/www.radiotime.it\/2020\/09\/15\/l-uomo-normale-e-il-nuovo-brano-di-flo\/#NewsArticle","mainEntityOfPage":"https:\/\/www.radiotime.it\/2020\/09\/15\/l-uomo-normale-e-il-nuovo-brano-di-flo\/","headline":"&#8220;L\u2019uomo normale&#8221; \u00e8 il nuovo brano di Flo","name":"&#8220;L\u2019uomo normale&#8221; \u00e8 il nuovo brano di Flo","description":"ESCE &#8220;L\u2019UOMO NORMALE&#8221; IL BRANO DI FLO CHE ANTICIPA IL NUOVO ALBUM DI INEDITI venerd\u00ec 11 settembre\u00a0 L\u2019uomo normale \u00e8 il nuovo brano di Flo, in uscita e in rotazione radiofonica da\u00a0venerd\u00ec 11 settembre. A distanza di due anni dall\u2019ultima pubblicazione ufficiale, l\u2019artista partenopea annuncia cos\u00ec il nuovo progetto discografico, che vede la produzione artistica [&hellip;]","datePublished":"2020-09-15","dateModified":"2020-09-15","author":{"@type":"Person","@id":"https:\/\/www.radiotime.it\/author\/alessandro\/#Person","name":"Redazione","url":"https:\/\/www.radiotime.it\/author\/alessandro\/","identifier":5,"image":{"@type":"ImageObject","@id":"https:\/\/secure.gravatar.com\/avatar\/8376aa91354460349f0772b5903560ae?s=96&d=mm&r=g","url":"https:\/\/secure.gravatar.com\/avatar\/8376aa91354460349f0772b5903560ae?s=96&d=mm&r=g","height":96,"width":96}},"publisher":{"@type":"Organization","name":"RADIOTIME","logo":{"@type":"ImageObject","@id":"https:\/\/www.radiotime.it\/wp-content\/uploads\/2020\/02\/Logo_Time_1500-e1580898267395.png","url":"https:\/\/www.radiotime.it\/wp-content\/uploads\/2020\/02\/Logo_Time_1500-e1580898267395.png","width":600,"height":60}},"image":{"@type":"ImageObject","@id":"https:\/\/www.radiotime.it\/wp-content\/uploads\/2020\/09\/L\u2019uomo-normale-11.jpg","url":"https:\/\/www.radiotime.it\/wp-content\/uploads\/2020\/09\/L\u2019uomo-normale-11.jpg","height":626,"width":835},"url":"https:\/\/www.radiotime.it\/2020\/09\/15\/l-uomo-normale-e-il-nuovo-brano-di-flo\/","video":{"@context":"http:\/\/schema.org\/","@type":"VideoObject","@id":"https:\/\/www.youtube.com\/watch?v=zPxsX2s2X_Y#VideoObject","contentUrl":"https:\/\/www.youtube.com\/watch?v=zPxsX2s2X_Y","name":"FLO - L'uomo normale (Official Video)","description":"FLO - L'uomo normale\n#FLO #LUomoNormale\nAscolta: https:\/\/backl.ink\/142669049\n\nArtista: FLO\nTitolo: L'uomo normale\nAlbum: 31SALVITUTTI\n\nCon il sostegno del MiBACT e di SIAE, nell\u2019ambito del programma \u201cPer Chi Crea\u201d.\n\nCredits Video:\nRegia: Fabiana Fazio \nIdeazione, illustrazioni e animazione digitale: Fabiana Fazio  \n\nCredits Brano & Album:\nTesto: FLO\nMusica: FLO, Sebastien Vincent Dominique Martel\nVoce: FLO\nBasso: Davide Costagliola\nChitarra: Marcello Giannini\nBatteria\/Percussioni: Michele Maione\nProduzione Artistica\/Chitarre acustiche: Sebastien Vincent Dominique Martel\nRegistrato presso The Vessel Recording Studio da Nicola Tranquillo\nMissaggio: Marcello Giannini\nMastering: Giovanni Versari\nProduzione: Arealive srl \nDisitribuzione: Believe Digital\nEdizioni: Arealive srl \nP & C Arealive srl 2020\nLive & management: https:\/\/www.arealive.it\n\nUfficio Stampa\nChiara Giorgi \u2013 chiagiorgi@gmail.com\n\nSEGUI FLO\nhttps:\/\/www.flo-official.com\/\nhttps:\/\/www.facebook.com\/flo.official\/\nhttps:\/\/www.instagram.com\/flo.officialphotos\/\nhttps:\/\/www.youtube.com\/channel\/UCzheZ9zCdbZXM1UIoDPy8Lw\nhttps:\/\/open.spotify.com\/artist\/5eqh7GFiUxJTzNc0dK5I02\n\nL'UOMO NORMALE\nMezzanotte, tesoro\ncammina veloce\nquando arrivi a casa scrivimi \nche \u00e8 pieno di indiani\nE sei pi\u00f9 bella adesso \ncon qualche chilo addosso \nche se devi piacere a me \nche ti importa del resto \nFragile io? Ma di che cosa parli?\nCosa c\u2019entra l\u2019insicurezza \ncon un paio di schiaffi\nE neppure la violenza \n\u00e8 questione di rispetto\nche se offendi la mia squadra \ncertamente reagisco\nCon le buone non si ottiene niente \nEd io non sono un fesso \nVacanze d\u2019 Agosto, sai che meraviglia \nPerch\u00e9 alla fine ci\u00f2 che conta \n\u00e8 sempre la famiglia.\nL\u2019allenatore non capisce \nche ho figlio eccezionale \ne se domenica resta in panchina \nfinisce male\nPerch\u00e9 lavoro tutto il giorno \ne non gli faccio mancare niente\ne non voglio che sia timido, \nio lo voglio vincente \nIl rumore che arriva \ndalla casa accanto\nlitigavano spesso, non so\npoi  d\u2019altro canto\nIl fatto \u00e8 che in Italia \nnessuno va in prigione \nChe se lo giocano a dadi \nquest\u2019altro barcone \nIo non sono razzista per\u00f2\nIo non sono violento per\u00f2\nIo non sono fascista per\u00f2 \nSono l\u2019uomo normale\nIo non sono arrivista per\u00f2\nIo non sono geloso per\u00f2\nBla, bla, bla per\u00f2 \nSono l\u2019uomo normale\nMezzanotte tesoro, \nin giro fino a quest\u2019ora \npoi se si mette male \nnon dire una parola\nIo lavoro tutto il giorno \ne non ti faccio mancare niente \ne c\u2019ho una reputazione\nCosa pensa la gente \ndella coppia tradizionale\ncome quella dei miei\nIo sono uno aperto, \nho tanti amici gay \nVacanza d\u2019 Agosto, sai che meraviglia \nPerch\u00e9 alla fine ci\u00f2 che conta \n\u00e8 sempre la famiglia.\nIo non sono razzista per\u00f2\nIo non sono violento per\u00f2\nIo non sono fascista per\u00f2 \nSono l\u2019uomo normale","thumbnailUrl":["https:\/\/i.ytimg.com\/vi\/zPxsX2s2X_Y\/default.jpg","https:\/\/i.ytimg.com\/vi\/zPxsX2s2X_Y\/mqdefault.jpg","https:\/\/i.ytimg.com\/vi\/zPxsX2s2X_Y\/hqdefault.jpg","https:\/\/i.ytimg.com\/vi\/zPxsX2s2X_Y\/sddefault.jpg","https:\/\/i.ytimg.com\/vi\/zPxsX2s2X_Y\/maxresdefault.jpg"],"uploadDate":"2020-09-14T10:29:58+00:00","duration":"PT4M42S","embedUrl":"https:\/\/www.youtube.com\/embed\/zPxsX2s2X_Y","publisher":{"@type":"Organization","@id":"https:\/\/www.youtube.com\/channel\/UC-Th5IaN5xwcPriKg8MaOAQ#Organization","url":"https:\/\/www.youtube.com\/channel\/UC-Th5IaN5xwcPriKg8MaOAQ","name":"arealive","description":"Spettacolo \/ Musica\n\nArealive nasce nel 2004 per occuparsi di management artistico, produzioni discografiche, produzione di concerti e spettacoli teatrali, promozione e organizzazione di eventi culturali a 360\u00b0. Oggi Arealive rappresenta una delle realt\u00e0 maggiormente consolidate sul territorio nazionale.\n\nArealive Born in 2004 Arealive deals with all aspects of the artistic management, labels, music and theatre production, promotion and organization of cultural events. Today Arealive represents one of the best established national realities.\n","logo":{"url":"https:\/\/yt3.ggpht.com\/ytc\/AIdro_kcCXL1H6A7dsWSROb8vGX1uF7HD7v8L85vKx2i2kTgiA=s800-c-k-c0x00ffffff-no-rj","width":800,"height":800,"@type":"ImageObject","@id":"https:\/\/www.youtube.com\/watch?v=zPxsX2s2X_Y#VideoObject_publisher_logo_ImageObject"}},"potentialAction":{"@type":"SeekToAction","@id":"https:\/\/www.youtube.com\/watch?v=zPxsX2s2X_Y#VideoObject_potentialAction","target":"https:\/\/www.youtube.com\/watch?v=zPxsX2s2X_Y&t={seek_to_second_number}","startOffset-input":"required name=seek_to_second_number"},"interactionStatistic":[[{"@type":"InteractionCounter","@id":"https:\/\/www.youtube.com\/watch?v=zPxsX2s2X_Y#VideoObject_interactionStatistic_WatchAction","interactionType":{"@type":"WatchAction"},"userInteractionCount":19773}],{"@type":"InteractionCounter","@id":"https:\/\/www.youtube.com\/watch?v=zPxsX2s2X_Y#VideoObject_interactionStatistic_LikeAction","interactionType":{"@type":"LikeAction"},"userInteractionCount":433}]},"about":["musica"],"wordCount":408,"keywords":["31salvitutti","flo","l'uomo normale","nuovo album","nuovo singolo"],"articleBody":"ESCE &#8220;L\u2019UOMO NORMALE&#8221;IL BRANO DI FLO CHE ANTICIPA IL NUOVO ALBUM DI INEDITIvenerd\u00ec 11 settembre\u00a0L\u2019uomo normale \u00e8 il nuovo brano di Flo, in uscita e in rotazione radiofonica da\u00a0venerd\u00ec 11 settembre.A distanza di due anni dall\u2019ultima pubblicazione ufficiale, l\u2019artista partenopea annuncia cos\u00ec il nuovo progetto discografico, che vede la produzione artistica dal noto produttore francese Sebastien Martel. Il nuovo album di inediti, dal titolo 31SALVITUTTI, uscir\u00e0 il prossimo 13 novembre (produzione Arealive srl &#8211; distribuzione Believe Digital).\u2018L\u2019uomo normale\u2019 \u00e8 il nuovo brano di FloL\u2019uomo normale\u00a0\u00e8 colui che \u00e8 inconsapevole di quanto razzismo, di quanta omofobia, di quanto fascismo si nasconde dentro i suoi gesti quotidiani. Non \u00e8 il criminale o il serial killer, ma il nostro vicino di casa, nostro padre, un nostro collega di lavoro. \u00c8 colui che lavora per la famiglia e quindi pretende che il figlio sia un campione per forza; che non picchia la moglie, ma le impone come vestirsi; che tollera gli stranieri e non ha nulla contro i gay.L\u2019uomo normale forse siamo noi.Il brano esce accompagnato da un\u00a0videoclip\u00a0realizzato in animazione, per la regia di Fabiana Fazio.\u00a0\u201cPer questa canzone avevo in mente un videoclip diverso dai precedenti \u2013 racconta Flo. Lo immaginavo fatto di personaggi surreali e situazioni paradossali. Niente realismo e nessun riferimento a persone e fatti concreti, ma solo l&#8217;emblema, il simbolo del nostro modo di pensare e di comunicare. Inoltre, con la quarantena e l&#8217;impossibilit\u00e0 di girare in esterna, la mia scelta si \u00e8 estremizzata ancor di pi\u00f9.Ho raccontato queste suggestioni a Fabiana Fazio, regista, autrice, ma anche e soprattutto strabiliante artigiana dell&#8217;illustrazione, che passa naturalmente dal disegno, all&#8217;animazione digitale, dalla ripresa video alla motion graphic. E cos\u00ec \u00e8 venuta fuori questa favola dal gusto retr\u00f2, che \u00e8 favola di ieri, ma ancor di pi\u00f9 favola di oggi.Un vecchio ritaglio di giornale diventa un racconto sopra un foglio di carta, dove tutti gli elementi della storia si susseguono e si rincorrono come un cavallo al galoppo, per degenerare in una brutta copia di s\u00e9. Un vecchio televisore viaggia nel tempo, cullato dal mare, portando con s\u00e9, pressoch\u00e9 immutato, quell&#8217;uomo normale che, come dice la canzone, aggiunge sempre &#8220;un per\u00f2 di troppo&#8221; ad ogni sua verit\u00e0, svuotandola e deprimendola\u201d.Con il sostegno del MiBACT e di SIAE, nell\u2019ambito del programma \u201cPer Chi Crea\u201d."},{"@context":"https:\/\/schema.org\/","@type":"BreadcrumbList","itemListElement":[{"@type":"ListItem","position":1,"name":"2020","item":"https:\/\/www.radiotime.it\/2020\/#breadcrumbitem"},{"@type":"ListItem","position":2,"name":"09","item":"https:\/\/www.radiotime.it\/2020\/\/09\/#breadcrumbitem"},{"@type":"ListItem","position":3,"name":"15","item":"https:\/\/www.radiotime.it\/2020\/\/09\/\/15\/#breadcrumbitem"},{"@type":"ListItem","position":4,"name":"&#8220;L\u2019uomo normale&#8221; \u00e8 il nuovo brano di Flo","item":"https:\/\/www.radiotime.it\/2020\/09\/15\/l-uomo-normale-e-il-nuovo-brano-di-flo\/#breadcrumbitem"}]}]