[{"@context":"https:\/\/schema.org\/","@type":"NewsArticle","@id":"https:\/\/www.radiotime.it\/2020\/11\/05\/patrizia-di-dio-nuovo-dpcm-se-non-ci-sono-le-capacita-che-si-tolgano-dalle-scatole\/#NewsArticle","mainEntityOfPage":"https:\/\/www.radiotime.it\/2020\/11\/05\/patrizia-di-dio-nuovo-dpcm-se-non-ci-sono-le-capacita-che-si-tolgano-dalle-scatole\/","headline":"Patrizia Di Dio, nuovo DPCM: \u00abSe non ci sono le capacit\u00e0, che si tolgano dalle scatole\u00bb","name":"Patrizia Di Dio, nuovo DPCM: \u00abSe non ci sono le capacit\u00e0, che si tolgano dalle scatole\u00bb","description":"PATRIZIA DI DIO AL TIME MAGAZINE SUL NUOVO DPCM &nbsp; Il nuovo DPCM di Giuseppe Conte ha diviso l\u2019Italia in fasce: zone rosse, gialle e arancioni. La Sicilia, insieme alla Puglia, \u00e8 stata inserita in quella arancione: area ad elevata gravit\u00e0. Tra le norme presenti, anche la chiusura totale di bar e ristoranti. Patrizia Di [&hellip;]","datePublished":"2020-11-05","dateModified":"2020-11-05","author":{"@type":"Person","@id":"https:\/\/www.radiotime.it\/author\/staff\/#Person","name":"staff","url":"https:\/\/www.radiotime.it\/author\/staff\/","identifier":8,"image":{"@type":"ImageObject","@id":"https:\/\/secure.gravatar.com\/avatar\/8f004fcfadece6f5f68f901a61253afb?s=96&d=mm&r=g","url":"https:\/\/secure.gravatar.com\/avatar\/8f004fcfadece6f5f68f901a61253afb?s=96&d=mm&r=g","height":96,"width":96}},"publisher":{"@type":"Organization","name":"RADIOTIME","logo":{"@type":"ImageObject","@id":"https:\/\/www.radiotime.it\/wp-content\/uploads\/2020\/02\/Logo_Time_1500-e1580898267395.png","url":"https:\/\/www.radiotime.it\/wp-content\/uploads\/2020\/02\/Logo_Time_1500-e1580898267395.png","width":600,"height":60}},"image":{"@type":"ImageObject","@id":"https:\/\/www.radiotime.it\/wp-content\/uploads\/2020\/11\/Patrizia_di_Dio.jpg","url":"https:\/\/www.radiotime.it\/wp-content\/uploads\/2020\/11\/Patrizia_di_Dio.jpg","height":296,"width":407},"url":"https:\/\/www.radiotime.it\/2020\/11\/05\/patrizia-di-dio-nuovo-dpcm-se-non-ci-sono-le-capacita-che-si-tolgano-dalle-scatole\/","about":["Cronaca","Interviste","News","Time Magazine"],"wordCount":438,"keywords":["DPCM","Patrizia Di Dio","Regione Sicilia","Sicilia"],"articleBody":"PATRIZIA DI DIO AL TIME MAGAZINE SUL NUOVO DPCM&nbsp;Il nuovo DPCM di Giuseppe Conte ha diviso l\u2019Italia in fasce: zone rosse, gialle e arancioni. La Sicilia, insieme alla Puglia, \u00e8 stata inserita in quella arancione: area ad elevata gravit\u00e0. Tra le norme presenti, anche la chiusura totale di bar e ristoranti. Patrizia Di Dio, Presidente di Confcommercio Palermo, intervenuta al Time Magazine su Radio Time, ha parlato proprio della chiusura di attivit\u00e0 che hanno gi\u00e0 sofferto tanto dal punto di vista economico e del nuovo DPCM:&nbsp;\u00ab Ennesimo colpo mortale, ma non solo per bar e pasticceria, ma anche a quello che sono state una serie di inefficienze, incapacit\u00e0 a tutti i livelli. Questo teatrino della politica, su di noi che siamo la carne viva e su cui si abbattono. Noi del sud abbiamo prima subito la chiusura totale in un periodo in cui era immotivato chiudere per noi, ma lo abbiamo fatto. Abbiamo subito altre due settimane di lockdown ingiustificato a maggio. Noi imprenditori abbiamo scalato le montagne. \u00a0Quando ci dicono che il PIL negli ultimi tre mesi ha avuto un&#8217;impennata, \u00e8 normale perch\u00e9 abbiamo lavorato duramente per rimetterci in carreggiata. Hanno avuto mesi per adeguare il sistema sanitario e ospedaliero. Un paese che non \u00e8 riuscito a gestire. Le persone in terapia intensiva sono in quota millesimale. Negli ultimi mesi abbiamo chiesto a Musumeci e Razza di darci conto della situazione in terapia intensiva\u00bb.&nbsp;Patrizia Di Dio poi punta il dito sulla Regione Sicilia:\u00abNoi non ci illudiamo delle mancette, dei piatti di lenticchie. Da parte della Regione non \u00e8 arrivato un solo euro agli imprenditori che sono stati chiusi, noi a questo punto vorremmo andare avanti con le nostre forze, quindi che ci facciano lavorare. Gli unici denari che sono arrivati, sono arrivati dall&#8217;agenzia delle entrate. Dalla Regione invece no. Noi da mesi chiediamo di fare presto e bene. Il Governo ha il dovere di far funzionare le cose\u00bb.&nbsp;In merito alla situazione sanitaria attuale, e in merito al nuovo DPCM, Patrizia Di Dio ha cos\u00ec commentato:\u00abSe la situazione di emergenza \u00e8 ordinaria, dobbiamo attrezzarci in modo che questa situazione venga gestita. Il 75% dei contagiati sono asintomatici. Il 20% ha dei lievi sintomi. \u00a0Nel 5% abbiamo le situazioni pi\u00f9 gravi. Noi dobbiamo gestire la seconda ondata, perch\u00e9 non possiamo morire di fame. Se non ci sono le capacit\u00e0, che si tolgano dalle scatole. Il pi\u00f9 grande atto d\u2019amore che possono fare, per l\u2019Italia e la Sicilia, \u00e8 togliersi dalle scatole. Stiamo affondando\u00bb.https:\/\/www.radiotime.it\/wp-content\/uploads\/2020\/11\/TM-intervista-Patrizia-Di-Dio-05-11-2020.mp3"},{"@context":"https:\/\/schema.org\/","@type":"BreadcrumbList","itemListElement":[{"@type":"ListItem","position":1,"name":"2020","item":"https:\/\/www.radiotime.it\/2020\/#breadcrumbitem"},{"@type":"ListItem","position":2,"name":"11","item":"https:\/\/www.radiotime.it\/2020\/\/11\/#breadcrumbitem"},{"@type":"ListItem","position":3,"name":"05","item":"https:\/\/www.radiotime.it\/2020\/\/11\/\/05\/#breadcrumbitem"},{"@type":"ListItem","position":4,"name":"Patrizia Di Dio, nuovo DPCM: \u00abSe non ci sono le capacit\u00e0, che si tolgano dalle scatole\u00bb","item":"https:\/\/www.radiotime.it\/2020\/11\/05\/patrizia-di-dio-nuovo-dpcm-se-non-ci-sono-le-capacita-che-si-tolgano-dalle-scatole\/#breadcrumbitem"}]}]