[{"@context":"https:\/\/schema.org\/","@type":"NewsArticle","@id":"https:\/\/www.radiotime.it\/2020\/11\/19\/rifiuti-palermo-presentato-progetto-per-la-raccolta-differenziata\/#NewsArticle","mainEntityOfPage":"https:\/\/www.radiotime.it\/2020\/11\/19\/rifiuti-palermo-presentato-progetto-per-la-raccolta-differenziata\/","headline":"Rifiuti Palermo: \u00abPresentato progetto per la raccolta differenziata\u00bb","name":"Rifiuti Palermo: \u00abPresentato progetto per la raccolta differenziata\u00bb","description":"RACCOLTA DIFFERENZIATA PALERMO. PARLA PIEROBON Arriva uno stop per la struttura di stoccaggio rifiuti di Alcamo, un impianto privato arrivato al limite dei volumi disponibili che chiedeva l\u2019ampliamento con una ulteriore vasca e che ha dovuto chiudere del tutto. Alla base della decisione, la mancata autorizzazione dello stesso impianto per il conferimento dei rifiuti. Alla [&hellip;]","datePublished":"2020-11-19","dateModified":"2020-11-19","author":{"@type":"Person","@id":"https:\/\/www.radiotime.it\/author\/staff\/#Person","name":"staff","url":"https:\/\/www.radiotime.it\/author\/staff\/","identifier":8,"image":{"@type":"ImageObject","@id":"https:\/\/secure.gravatar.com\/avatar\/8f004fcfadece6f5f68f901a61253afb?s=96&d=mm&r=g","url":"https:\/\/secure.gravatar.com\/avatar\/8f004fcfadece6f5f68f901a61253afb?s=96&d=mm&r=g","height":96,"width":96}},"publisher":{"@type":"Organization","name":"RADIOTIME","logo":{"@type":"ImageObject","@id":"https:\/\/www.radiotime.it\/wp-content\/uploads\/2020\/02\/Logo_Time_1500-e1580898267395.png","url":"https:\/\/www.radiotime.it\/wp-content\/uploads\/2020\/02\/Logo_Time_1500-e1580898267395.png","width":600,"height":60}},"image":{"@type":"ImageObject","@id":"https:\/\/www.radiotime.it\/wp-content\/uploads\/2020\/11\/Raccolta-differenziata.jpg","url":"https:\/\/www.radiotime.it\/wp-content\/uploads\/2020\/11\/Raccolta-differenziata.jpg","height":342,"width":501},"url":"https:\/\/www.radiotime.it\/2020\/11\/19\/rifiuti-palermo-presentato-progetto-per-la-raccolta-differenziata\/","about":["Cronaca","Interviste","News","Time Magazine"],"wordCount":330,"keywords":["assessore","Bellolampo","Comune","Palermo","Pierobon","Rap","rifiuti"],"articleBody":"RACCOLTA DIFFERENZIATA PALERMO. PARLA PIEROBONArriva uno stop per la struttura di stoccaggio rifiuti di Alcamo, un impianto privato arrivato al limite dei volumi disponibili che chiedeva l\u2019ampliamento con una ulteriore vasca e che ha dovuto chiudere del tutto. Alla base della decisione, la mancata autorizzazione dello stesso impianto per il conferimento dei rifiuti. Alla luce della chiusura dell\u2019impianto di Alcamo, sono aumentati i disagi per il conferimento di rifiuti in diversi comuni dell\u2019isola. Ne abbiamo parlato con l\u2019Assessore regionale Alberto Pierobon durante il Time Magazine di oggi, che ha anche parlato della raccolta differenziata a Palermo:\u00ab\u00c8 emerso che mancava l\u2019autorizzazione dal 2017 ed \u00e8 stata sospesa l\u2019autorizzazione per il conferimento nell\u2019impianto. Gestiva 550 tonnellate al giorno di rifiuti. Abbiamo dovuto ricalibrare i flussi, facendo conferire i rifiuti in altri impianti e dunque anche in impianti pubblici. Pi\u00f9 si costituiscono nuove capacit\u00e0 impiantistiche, ne prendiamo altre. Aumentiamo le capacit\u00e0 per il conferimento dell\u2019umido, ma intanto perdiamo 135 mila tonnellate annue per sequestri, rotture, guasti, incendi ecc. La crisi non \u00e8 strutturale, ma a macchia di leopardo. \u00c8 una continua rincorsa\u00bb.&nbsp;L\u2019Assessore Pierobon oltre che dell\u2019impianto di Alcamo, ha parlato anche di Bellolampo e dell\u2019obiettivo del comune di Palermo sulla differenziata:\u00abNon \u00e8 giusto chiedere sempre pazienza ai cittadini. \u00c8 fisiologico che l\u2019assestamento del rifiuto crei volume. Succede in ogni discarica del mondo. Se tutto va bene, riusciremo a sopperire a questo. Sono cautamente ottimista. La Rap e il Comune hanno presentato, circa quindici giorni fa, un progetto, un piano per programmare la raccolta differenziata e la gestione dei flussi. Vorremmo che non rimanesse sulle nuvole. Il Sindaco lo abbiamo visto molto determinato su questo. Mi auguro ci sia simbiosi con la Rap. \u00c8 un imperativo anche normativo oltre che economico. C\u2019\u00e8 una legge che lo imporr\u00e0. Bellolampo \u00e8 una situazione ponte per arrivare ad altro\u00bb.&nbsp;https:\/\/www.radiotime.it\/wp-content\/uploads\/2020\/11\/TM-intervista-lassessore-Pierobon-19-11-2020.mp3"},{"@context":"https:\/\/schema.org\/","@type":"BreadcrumbList","itemListElement":[{"@type":"ListItem","position":1,"name":"2020","item":"https:\/\/www.radiotime.it\/2020\/#breadcrumbitem"},{"@type":"ListItem","position":2,"name":"11","item":"https:\/\/www.radiotime.it\/2020\/\/11\/#breadcrumbitem"},{"@type":"ListItem","position":3,"name":"19","item":"https:\/\/www.radiotime.it\/2020\/\/11\/\/19\/#breadcrumbitem"},{"@type":"ListItem","position":4,"name":"Rifiuti Palermo: \u00abPresentato progetto per la raccolta differenziata\u00bb","item":"https:\/\/www.radiotime.it\/2020\/11\/19\/rifiuti-palermo-presentato-progetto-per-la-raccolta-differenziata\/#breadcrumbitem"}]}]