[{"@context":"https:\/\/schema.org\/","@type":"NewsArticle","@id":"https:\/\/www.radiotime.it\/2020\/11\/28\/sardegna-morti-e-dispersi-a-causa-del-maltempo\/#NewsArticle","mainEntityOfPage":"https:\/\/www.radiotime.it\/2020\/11\/28\/sardegna-morti-e-dispersi-a-causa-del-maltempo\/","headline":"Sardegna, morti e dispersi a causa del maltempo","name":"Sardegna, morti e dispersi a causa del maltempo","description":"Un violento nubifragio si \u00e8 abbattuto su Bitti nel Nuorese. Tre morti e un disperso. Sale a tre il drammatico bilancio delle persone morte a causa dell&#8217;alluvione di oggi in Sardegna. La prima vittima \u00e8 un anziano annegato nello scantinato di casa e la seconda \u00e8 un allevatore di 55 anni travolto dalla furia dell&#8217;acqua [&hellip;]","datePublished":"2020-11-28","dateModified":"2021-03-08","author":{"@type":"Person","@id":"https:\/\/www.radiotime.it\/author\/staff\/#Person","name":"staff","url":"https:\/\/www.radiotime.it\/author\/staff\/","identifier":8,"image":{"@type":"ImageObject","@id":"https:\/\/secure.gravatar.com\/avatar\/8f004fcfadece6f5f68f901a61253afb?s=96&d=mm&r=g","url":"https:\/\/secure.gravatar.com\/avatar\/8f004fcfadece6f5f68f901a61253afb?s=96&d=mm&r=g","height":96,"width":96}},"publisher":{"@type":"Organization","name":"RADIOTIME","logo":{"@type":"ImageObject","@id":"https:\/\/www.radiotime.it\/wp-content\/uploads\/2020\/02\/Logo_Time_1500-e1580898267395.png","url":"https:\/\/www.radiotime.it\/wp-content\/uploads\/2020\/02\/Logo_Time_1500-e1580898267395.png","width":600,"height":60}},"image":{"@type":"ImageObject","@id":"https:\/\/www.radiotime.it\/wp-content\/uploads\/2020\/11\/128124723_10222022316700518_4198732665699218906_n.jpg","url":"https:\/\/www.radiotime.it\/wp-content\/uploads\/2020\/11\/128124723_10222022316700518_4198732665699218906_n.jpg","height":885,"width":720},"url":"https:\/\/www.radiotime.it\/2020\/11\/28\/sardegna-morti-e-dispersi-a-causa-del-maltempo\/","about":["I Fatti Del Giorno","News"],"wordCount":272,"keywords":["#bitti","#maltempo","#nuoro","#sardegna","alluvione"],"articleBody":"Un violento nubifragio si \u00e8 abbattuto su Bitti nel Nuorese. Tre morti e un disperso.Sale a tre il drammatico bilancio delle persone morte a causa dell&#8217;alluvione di oggi in Sardegna. La prima vittima \u00e8 un anziano annegato nello scantinato di casa e la seconda \u00e8 un allevatore di 55 anni travolto dalla furia dell&#8217;acqua (alta almeno quattro metri) mentre era a bordo di un fuoristrada. La terza vittima, invece, sembrerebbe una donna anziana che ufficialmente risulta essere ancora dispersa.Bitti, paese gi\u00e0 colpito dal maltempo 7 anni faBitti, dopo sette anni, \u00e8 stato nuovamente messo in ginocchio dal maltempo che miete nuove vittime. Il paese \u00e8 devastato ed \u00e8 isolato da ore. Il sindaco, Giuseppe Ciccolini, ha fatto evacuare per precauzione le famiglie residenti nella parte bassa del paese in quanto\u00a0i quantitativi d\u2019acqua che si sono riversati su\u00a0Bitti sembrerebbero superiori di quattro volte rispetto all\u2019uragano Cleopatra, che nel 2013 uccise 18 persone sull\u2019isola.I tecnici dell&#8217;Enel, nonostante le frane, sono riusciti a raggiungere il paese per riparare un guasto all&#8217;impianto elettrico che aveva compromesso l&#8217;uso dei cellulari e, quindi, la comunicazione. Sul posto ci sono le forze dell&#8217;ordine, la Protezione civile, i Vigili del fuoco, il Corpo forestale e l&#8217;Esercito, che stanno cercando di prestare soccorso alla popolazione colpita.http:\/\/Immagini spaventose arrivano dalla provincia di Nuoro. Frane, smottamenti, macchine intrappolate tra macerie e fango. Si registrano gravi danni anche al settore zootecnico e agricolo. Da alcuni aggiornamenti sarebbero molti gli allevatori isolati per i grossi disagi alla viabilit\u00e0 causati dalla furia dell&#8217;acqua che ha cancellato strade e ponti.&nbsp;&nbsp;"},{"@context":"https:\/\/schema.org\/","@type":"BreadcrumbList","itemListElement":[{"@type":"ListItem","position":1,"name":"2020","item":"https:\/\/www.radiotime.it\/2020\/#breadcrumbitem"},{"@type":"ListItem","position":2,"name":"11","item":"https:\/\/www.radiotime.it\/2020\/\/11\/#breadcrumbitem"},{"@type":"ListItem","position":3,"name":"28","item":"https:\/\/www.radiotime.it\/2020\/\/11\/\/28\/#breadcrumbitem"},{"@type":"ListItem","position":4,"name":"Sardegna, morti e dispersi a causa del maltempo","item":"https:\/\/www.radiotime.it\/2020\/11\/28\/sardegna-morti-e-dispersi-a-causa-del-maltempo\/#breadcrumbitem"}]}]