[{"@context":"https:\/\/schema.org\/","@type":"NewsArticle","@id":"https:\/\/www.radiotime.it\/2020\/12\/27\/muore-di-covid19-ma-e-un-errore\/#NewsArticle","mainEntityOfPage":"https:\/\/www.radiotime.it\/2020\/12\/27\/muore-di-covid19-ma-e-un-errore\/","headline":"Muore di Covid19 ma \u00e8 un errore","name":"Muore di Covid19 ma \u00e8 un errore","description":"Lo scambio di persona. Incredibile equivoco ad Agrigento dove un uomo muore di Covid19 ma \u00e8 un errore. Non si \u00e8 trattato di una diagnosi sbagliata. In realt\u00e0 l&#8217;identit\u00e0 del paziente deceduto a causa del virus era frutto di uno scambio con quella di un altro, realmente ricoverato, che per\u00f2 era vivo e vegeto. Il [&hellip;]","datePublished":"2020-12-27","dateModified":"2020-12-27","author":{"@type":"Person","@id":"https:\/\/www.radiotime.it\/author\/massimo-pisciotta\/#Person","name":"Massimo Pisciotta","url":"https:\/\/www.radiotime.it\/author\/massimo-pisciotta\/","identifier":7,"image":{"@type":"ImageObject","@id":"https:\/\/secure.gravatar.com\/avatar\/f72601718119ceb7fdac114c64228e01?s=96&d=mm&r=g","url":"https:\/\/secure.gravatar.com\/avatar\/f72601718119ceb7fdac114c64228e01?s=96&d=mm&r=g","height":96,"width":96}},"publisher":{"@type":"Organization","name":"RADIOTIME","logo":{"@type":"ImageObject","@id":"https:\/\/www.radiotime.it\/wp-content\/uploads\/2020\/02\/Logo_Time_1500-e1580898267395.png","url":"https:\/\/www.radiotime.it\/wp-content\/uploads\/2020\/02\/Logo_Time_1500-e1580898267395.png","width":600,"height":60}},"image":{"@type":"ImageObject","@id":"https:\/\/www.radiotime.it\/wp-content\/uploads\/2020\/12\/ospedale-agrigento-e1604834231422-556x372-1.jpg","url":"https:\/\/www.radiotime.it\/wp-content\/uploads\/2020\/12\/ospedale-agrigento-e1604834231422-556x372-1.jpg","height":372,"width":556},"url":"https:\/\/www.radiotime.it\/2020\/12\/27\/muore-di-covid19-ma-e-un-errore\/","about":["Cronaca","Time Magazine"],"wordCount":263,"keywords":["#covid19 #agrigento #ospedale #errore #pandemia"],"articleBody":"Lo scambio di persona.Incredibile equivoco ad Agrigento dove un uomo muore di Covid19 ma \u00e8 un errore. Non si \u00e8 trattato di una diagnosi sbagliata. In realt\u00e0 l&#8217;identit\u00e0 del paziente deceduto a causa del virus era frutto di uno scambio con quella di un altro, realmente ricoverato, che per\u00f2 era vivo e vegeto. Il grossolano errore \u00e8 avvenuto all&#8217;Ospedale &#8216;San Giovanni di Dio&#8217; di Agrigento.\u00a0 E&#8217; stato semplice chiarire l&#8217;equivoco all&#8217;arrivo del carro funebre mandato dalla famiglia del presunto deceduto.Emozioni contrastanti per la famiglia.Come \u00e8 naturale in questi casi, l&#8217;identit\u00e0 dell&#8217;uomo dichiarato morto per errore \u00e8 rimasta anonima. Di lui sappiamo che \u00e8 originario di San Biagio Platani, piccolo paesino da poco pi\u00f9 di 3.000 abitanti. Anche lui, come l&#8217;altro paziente realmente deceduto per Covid19, si trovava ricoverato nel reparto di rianimazione del San Giovanni di Dio di Agrigento ma le sue condizioni al momento sarebbero stabili. La famiglia era stata contattata direttamente dalla struttura ospedaliera che, telefonicamente, aveva comunicato il decesso del congiunto. La stessa famiglia aveva contattato le onoranze funebri per il trasporto della salma che, alla fine, \u00e8 risultato non necessario. La tristezza e la disperazione dati dalla notizia del decesso si sono tramutati in gioia e speranza di guarigione per il parente che, al momento, resta ancora ricoverato in ospedale. Nulla invece \u00e8 dato sapere in merito alla vera identit\u00e0 del paziente deceduto per Covid19. Certamente i familiari non sapranno mai dello scambio di identit\u00e0 avvenuto. Resta un mistero come sia stato possibile cadere in un errore cos\u00ec clamoroso."},{"@context":"https:\/\/schema.org\/","@type":"BreadcrumbList","itemListElement":[{"@type":"ListItem","position":1,"name":"2020","item":"https:\/\/www.radiotime.it\/2020\/#breadcrumbitem"},{"@type":"ListItem","position":2,"name":"12","item":"https:\/\/www.radiotime.it\/2020\/\/12\/#breadcrumbitem"},{"@type":"ListItem","position":3,"name":"27","item":"https:\/\/www.radiotime.it\/2020\/\/12\/\/27\/#breadcrumbitem"},{"@type":"ListItem","position":4,"name":"Muore di Covid19 ma \u00e8 un errore","item":"https:\/\/www.radiotime.it\/2020\/12\/27\/muore-di-covid19-ma-e-un-errore\/#breadcrumbitem"}]}]