[{"@context":"https:\/\/schema.org\/","@type":"NewsArticle","@id":"https:\/\/www.radiotime.it\/2020\/12\/29\/sanremo-2021-sul-palco-achille-lauro-elodie-e-ibrahimovic\/#NewsArticle","mainEntityOfPage":"https:\/\/www.radiotime.it\/2020\/12\/29\/sanremo-2021-sul-palco-achille-lauro-elodie-e-ibrahimovic\/","headline":"Sanremo 2021: sul palco Achille Lauro, Elodie e Ibrahimovic","name":"Sanremo 2021: sul palco Achille Lauro, Elodie e Ibrahimovic","description":"Amadeus si \u00e8 &#8220;sbottonato&#8221; e ha svelato i primi nomi di coloro che saliranno con lui sul palco dell&#8217;Ariston. Il direttore artistico e conduttore di Sanremo 2021 non pu\u00f2 fare a meno di parlare di Sanremo e lo ha fatto anche durante una conferenza stampa dedicata ad un&#8217;altra trasmissione cio\u00e8 &#8220;L&#8217;anno che verr\u00e0&#8221; in onda, [&hellip;]","datePublished":"2020-12-29","dateModified":"2022-05-27","author":{"@type":"Person","@id":"https:\/\/www.radiotime.it\/author\/staff\/#Person","name":"staff","url":"https:\/\/www.radiotime.it\/author\/staff\/","identifier":8,"image":{"@type":"ImageObject","@id":"https:\/\/secure.gravatar.com\/avatar\/8f004fcfadece6f5f68f901a61253afb?s=96&d=mm&r=g","url":"https:\/\/secure.gravatar.com\/avatar\/8f004fcfadece6f5f68f901a61253afb?s=96&d=mm&r=g","height":96,"width":96}},"publisher":{"@type":"Organization","name":"RADIOTIME","logo":{"@type":"ImageObject","@id":"https:\/\/www.radiotime.it\/wp-content\/uploads\/2020\/02\/Logo_Time_1500-e1580898267395.png","url":"https:\/\/www.radiotime.it\/wp-content\/uploads\/2020\/02\/Logo_Time_1500-e1580898267395.png","width":600,"height":60}},"image":{"@type":"ImageObject","@id":"https:\/\/www.radiotime.it\/wp-content\/uploads\/2020\/01\/Logo_Time_140.png","url":"https:\/\/www.radiotime.it\/wp-content\/uploads\/2020\/01\/Logo_Time_140.png","width":100,"height":100},"url":"https:\/\/www.radiotime.it\/2020\/12\/29\/sanremo-2021-sul-palco-achille-lauro-elodie-e-ibrahimovic\/","about":["intrattenimento","musica","News","News e Concerti"],"wordCount":278,"keywords":["#achillelauro","#amadues","#elodie","#festival","#milan","#sanremo","calcio","music"],"articleBody":"Amadeus si \u00e8 &#8220;sbottonato&#8221; e ha svelato i primi nomi di coloro che saliranno con lui sul palco dell&#8217;Ariston.Il direttore artistico e conduttore di Sanremo 2021 non pu\u00f2 fare a meno di parlare di Sanremo e lo ha fatto anche durante una conferenza stampa dedicata ad un&#8217;altra trasmissione cio\u00e8 &#8220;L&#8217;anno che verr\u00e0&#8221; in onda, come ogni anno, per la notte di San Silvestro. Ha, infatti, annunciato i nomi delle prime tre celebrit\u00e0 che saliranno sul palco dell&#8217;Ariston. Achille Lauro super ospite fisso, Ibrahimovic ospite in tutte le serate ed Elodie come co-conduttrice per una sera della kermesse canora.&nbsp;Achille Lauro sar\u00e0 il re indiscusso di questo Festival di Sanremo. Da concorrente a stella dell&#8217;Ariston. Nell&#8217;edizione 2020, lo scorso febbraio, infatti, il cantante romano ha partecipato alla gara con &#8220;Me ne frego&#8221;, facendo parlare molto di se per i suoi look eccentrici curati nel minimo dettaglio dal direttore creativo di Gucci e ispirati a David Bowie, Elisabetta I Tudor e San Francesco. Dopo il grande successo riscosso, torna sul palco e &#8220;ci regaler\u00e0 &#8211; ha dichiarato Amadeus- cinque quadri, uno pi\u00f9 bello dell&#8217;altro&#8221;. Come annunciato anche dallo stesso Lauro sui social: &#8220;far\u00f2 parte del cast del 71esimo Festival di Sanremo, portando in scena 5 quadri, 5 opere d&#8217;autore&#8221;. Ne vedremo delle belle con l&#8217;istrionico Achille Lauro.&nbsp;Altra stella (ma del calcio) a salire, in tutte le serate, sul palco dell&#8217;Ariston sar\u00e0 il campione svedese Zlatan Ibrahimovic\u00a0che &#8220;rispetter\u00e0 &#8211; ha precisato Amadeus- tutti gli impegni con il Milan&#8221;. Una delle regine, invece, sar\u00e0 Elodie che diventer\u00e0 co-conduttrice per una sera: &#8220;Ha un pubblico fortissimo, \u00e8 bella, spiritosa, divertente, ironica&#8221;, ha detto Amadeus."},{"@context":"https:\/\/schema.org\/","@type":"BreadcrumbList","itemListElement":[{"@type":"ListItem","position":1,"name":"2020","item":"https:\/\/www.radiotime.it\/2020\/#breadcrumbitem"},{"@type":"ListItem","position":2,"name":"12","item":"https:\/\/www.radiotime.it\/2020\/\/12\/#breadcrumbitem"},{"@type":"ListItem","position":3,"name":"29","item":"https:\/\/www.radiotime.it\/2020\/\/12\/\/29\/#breadcrumbitem"},{"@type":"ListItem","position":4,"name":"Sanremo 2021: sul palco Achille Lauro, Elodie e Ibrahimovic","item":"https:\/\/www.radiotime.it\/2020\/12\/29\/sanremo-2021-sul-palco-achille-lauro-elodie-e-ibrahimovic\/#breadcrumbitem"}]}]