[{"@context":"https:\/\/schema.org\/","@type":"NewsArticle","@id":"https:\/\/www.radiotime.it\/2021\/01\/11\/gelarda-cupola-2-0-palermo-non-si-costitui-parte-civile-salvini-si\/#NewsArticle","mainEntityOfPage":"https:\/\/www.radiotime.it\/2021\/01\/11\/gelarda-cupola-2-0-palermo-non-si-costitui-parte-civile-salvini-si\/","headline":"Gelarda: &#8220;Cupola 2.0, Palermo non si costitu\u00ec parte civile. Con Salvini s\u00ec!&#8221;","name":"Gelarda: &#8220;Cupola 2.0, Palermo non si costitu\u00ec parte civile. Con Salvini s\u00ec!&#8221;","description":"Orlando parte civile contro Salvini: parla Gelarda Il Comune di Palermo si costituir\u00e0 parte civile nell&#8217;udienza preliminare in corso davanti al Gup di Palermo nei confronti del leader della Lega Matteo Salvini per la\u00a0vicenda della Open Arms. L&#8217;ex Ministro dell&#8217;Interno e leader leghista \u00e8 accusato di sequestro di persona e rifiuto di atti d&#8217;ufficio per [&hellip;]","datePublished":"2021-01-11","dateModified":"2021-01-11","author":{"@type":"Person","@id":"https:\/\/www.radiotime.it\/author\/staff\/#Person","name":"staff","url":"https:\/\/www.radiotime.it\/author\/staff\/","identifier":8,"image":{"@type":"ImageObject","@id":"https:\/\/secure.gravatar.com\/avatar\/8f004fcfadece6f5f68f901a61253afb?s=96&d=mm&r=g","url":"https:\/\/secure.gravatar.com\/avatar\/8f004fcfadece6f5f68f901a61253afb?s=96&d=mm&r=g","height":96,"width":96}},"publisher":{"@type":"Organization","name":"RADIOTIME","logo":{"@type":"ImageObject","@id":"https:\/\/www.radiotime.it\/wp-content\/uploads\/2020\/02\/Logo_Time_1500-e1580898267395.png","url":"https:\/\/www.radiotime.it\/wp-content\/uploads\/2020\/02\/Logo_Time_1500-e1580898267395.png","width":600,"height":60}},"image":{"@type":"ImageObject","@id":"https:\/\/www.radiotime.it\/wp-content\/uploads\/2021\/01\/orlando.jpg","url":"https:\/\/www.radiotime.it\/wp-content\/uploads\/2021\/01\/orlando.jpg","height":1536,"width":2048},"url":"https:\/\/www.radiotime.it\/2021\/01\/11\/gelarda-cupola-2-0-palermo-non-si-costitui-parte-civile-salvini-si\/","about":["Cronaca"],"wordCount":397,"keywords":["Gelarda","orlando","Palermo","salvini"],"articleBody":"Orlando parte civile contro Salvini: parla GelardaIl Comune di Palermo si costituir\u00e0 parte civile nell&#8217;udienza preliminare in corso davanti al Gup di Palermo nei confronti del leader della Lega Matteo Salvini per la\u00a0vicenda della Open Arms. L&#8217;ex Ministro dell&#8217;Interno e leader leghista \u00e8 accusato di sequestro di persona e rifiuto di atti d&#8217;ufficio per avere negato l&#8217;approdo a Lampedusa della nave della Ong catalana con a bordo 147 profughi soccorsi nel Mediterraneo.A seguito della dichiarazione di Orlando in merito alla decisione di costituire il Comune di Palermo parte civile nel processo, il Consigliere Comunale della Lega Igor Gelarda ha cos\u00ec dichiarato ai microfoni del Time Magazine:\u00abCi si pu\u00f2 costituire parte civile anche se geograficamente ci entriamo poco? S\u00ec, tecnicamente spetter\u00e0 al Giudice accettarlo o meno. Io ho sollevato un problema diverso: il Comune ha gi\u00e0 predisposto tutto ci\u00f2 che serve per costituirsi parte civile nel processo contro Salvini e Orlando ha sottolineato in un suo post che &#8220;Palermo \u00e8 la citt\u00e0 del diritto e dei diritti&#8221;. La cosa strana per\u00f2 \u00e8 che nel processo Cupola 2.0, che ha visto 435 anni di carcere comminati, 55 imputati di cui 46 condannati, il Comune di Palermo non si \u00e8 costituito parte civile. Un processo celebrato a Palermo che, grazie all&#8217;attivit\u00e0 degli inquirenti, ha impedito che si ricostituisse la nuova commissione mafiosa in provincia di Palermo, non si \u00e8 costituito parte civile. Noi lo abbiamo chiesto il motivo, ma a questo punto che chiedesse scusa ai cittadini di Palermo\u00bb.Igor Gelarda ha cos\u00ec continuato:\u00abSe avesse avuto la stessa attenzione avuta a Salvini, Ministro della Repubblica in quel momento. La mafia \u00e8 tutta un&#8217;altra cosa. Villabate, Ficarazzi e Misilmeri si sono costituiti parte civile nel processo Cupola 2.0, Palermo non ne ha sentito il bisogno\u00bb.Infine anche un appello al Sindaco Orlando&#8220;Io lancio un appello: Sindaco Orlando, perch\u00e9 il Comune di Palermo non si \u00e8 costituito parte civile, ovvero tra gli enti che si ritenevano danneggiati per il processo Cupola 2.0? I palermitani vogliono saperlo\u00bb.Tornando all&#8217;operato di Salvini, Gelarda ha cos\u00ec commentato:\u00abIn un anno Salvini ha impedito che le persone morissero nel mediterraneo. Ogni giorno che passa Palermo sprofonda di qualche centimetro, per il prossimo anno e mezzo siamo con la bombola di ossigeno. Siamo nei guai veri. Sconfiggiamo la mafia con le attivit\u00e0 legali che facciamo ogni giorno\u00bb."},{"@context":"https:\/\/schema.org\/","@type":"BreadcrumbList","itemListElement":[{"@type":"ListItem","position":1,"name":"2021","item":"https:\/\/www.radiotime.it\/2021\/#breadcrumbitem"},{"@type":"ListItem","position":2,"name":"01","item":"https:\/\/www.radiotime.it\/2021\/\/01\/#breadcrumbitem"},{"@type":"ListItem","position":3,"name":"11","item":"https:\/\/www.radiotime.it\/2021\/\/01\/\/11\/#breadcrumbitem"},{"@type":"ListItem","position":4,"name":"Gelarda: &#8220;Cupola 2.0, Palermo non si costitu\u00ec parte civile. Con Salvini s\u00ec!&#8221;","item":"https:\/\/www.radiotime.it\/2021\/01\/11\/gelarda-cupola-2-0-palermo-non-si-costitui-parte-civile-salvini-si\/#breadcrumbitem"}]}]