[{"@context":"https:\/\/schema.org\/","@type":"NewsArticle","@id":"https:\/\/www.radiotime.it\/2021\/01\/24\/sanremo-2021-matilda-de-angelis-co-conduttrice-per-una-serata\/#NewsArticle","mainEntityOfPage":"https:\/\/www.radiotime.it\/2021\/01\/24\/sanremo-2021-matilda-de-angelis-co-conduttrice-per-una-serata\/","headline":"Sanremo 2021: Matilda De Angelis co-conduttrice per una serata","name":"Sanremo 2021: Matilda De Angelis co-conduttrice per una serata","description":"Amadeus:\u00a0 Matilda De Angelis co-condutrice peruna serata L\u2019intervista al conduttore e direttore artistico di Sanremo si apre con parole che fanno emergere quanto quest\u2019anno si stia rivelando difficile organizzare in sicurezza l\u2019evento. Ma dopo un accenno alle \u201cgiornate complicate\u201d. Amadeus annuncia quella che definisce la bella notizia: &#8220;Sono giornate complicate, ma abbiamo anche una bella [&hellip;]","datePublished":"2021-01-24","dateModified":"2021-01-24","author":{"@type":"Person","@id":"https:\/\/www.radiotime.it\/author\/alessandro\/#Person","name":"Redazione","url":"https:\/\/www.radiotime.it\/author\/alessandro\/","identifier":5,"image":{"@type":"ImageObject","@id":"https:\/\/secure.gravatar.com\/avatar\/8376aa91354460349f0772b5903560ae?s=96&d=mm&r=g","url":"https:\/\/secure.gravatar.com\/avatar\/8376aa91354460349f0772b5903560ae?s=96&d=mm&r=g","height":96,"width":96}},"publisher":{"@type":"Organization","name":"RADIOTIME","logo":{"@type":"ImageObject","@id":"https:\/\/www.radiotime.it\/wp-content\/uploads\/2020\/02\/Logo_Time_1500-e1580898267395.png","url":"https:\/\/www.radiotime.it\/wp-content\/uploads\/2020\/02\/Logo_Time_1500-e1580898267395.png","width":600,"height":60}},"image":{"@type":"ImageObject","@id":"https:\/\/www.radiotime.it\/wp-content\/uploads\/2021\/01\/Matilda-De-Angelis.jpg","url":"https:\/\/www.radiotime.it\/wp-content\/uploads\/2021\/01\/Matilda-De-Angelis.jpg","height":600,"width":1000},"url":"https:\/\/www.radiotime.it\/2021\/01\/24\/sanremo-2021-matilda-de-angelis-co-conduttrice-per-una-serata\/","about":["intrattenimento"],"wordCount":138,"articleBody":"Amadeus:\u00a0 Matilda De Angelis co-condutrice peruna serataL\u2019intervista al conduttore e direttore artistico di Sanremo si apre con parole che fanno emergere quanto quest\u2019anno si stia rivelando difficile organizzare in sicurezza l\u2019evento. Ma dopo un accenno alle \u201cgiornate complicate\u201d.Amadeus annuncia quella che definisce la bella notizia:&#8220;Sono giornate complicate, ma abbiamo anche una bella notizia: oltre a Elodie, come co-conduttrice per una sera abbiamo chiuso con Matilda De Angelis che sta avendo un grande successo con The Undoing, la serie con Nicole Kidman e Hugh Grant. Mi piace perch\u00e9 \u00e8 una giovane attrice, spigliata, con una caratura gi\u00e0 internazionale: sar\u00e0 l&#8217;occasione per farla conoscere ancora di pi\u00f9&#8220;.L&#8217;annuncio arriva direttamente dal conduttore e direttore artistico del Festival di Sanremo. Amadeus lo ha rivelato in un\u2019intervista al Corriere della Sera"},{"@context":"https:\/\/schema.org\/","@type":"BreadcrumbList","itemListElement":[{"@type":"ListItem","position":1,"name":"2021","item":"https:\/\/www.radiotime.it\/2021\/#breadcrumbitem"},{"@type":"ListItem","position":2,"name":"01","item":"https:\/\/www.radiotime.it\/2021\/\/01\/#breadcrumbitem"},{"@type":"ListItem","position":3,"name":"24","item":"https:\/\/www.radiotime.it\/2021\/\/01\/\/24\/#breadcrumbitem"},{"@type":"ListItem","position":4,"name":"Sanremo 2021: Matilda De Angelis co-conduttrice per una serata","item":"https:\/\/www.radiotime.it\/2021\/01\/24\/sanremo-2021-matilda-de-angelis-co-conduttrice-per-una-serata\/#breadcrumbitem"}]}]