[{"@context":"https:\/\/schema.org\/","@type":"NewsArticle","@id":"https:\/\/www.radiotime.it\/2021\/02\/06\/palermo-boscaglia-con-lavellino-mi-aspetto-grande-partita-santana-non-convocato\/#NewsArticle","mainEntityOfPage":"https:\/\/www.radiotime.it\/2021\/02\/06\/palermo-boscaglia-con-lavellino-mi-aspetto-grande-partita-santana-non-convocato\/","headline":"Palermo, Boscaglia: \u00abCon l\u2019Avellino mi aspetto grande partita. Santana non convocato\u00bb","name":"Palermo, Boscaglia: \u00abCon l\u2019Avellino mi aspetto grande partita. Santana non convocato\u00bb","description":"AVELLINO-PALERMO: PARLA ROBERTO BOSCAGLIA \u00c8 vigilia di match per il Palermo che domani affronter\u00e0 l\u2019Avellino nella gara valida per la 23a giornata di Serie C. Proprio in vista di Avellino-Palermo, in programma alle 15 allo stadio \u201cPartenio-Adriano Lombardi\u201d, il tecnico rosanero Roberto Boscaglia \u00e8 stato il protagonista della consueta conferenza stampa pre-gara. &nbsp; Di seguito [&hellip;]","datePublished":"2021-02-06","dateModified":"2021-02-06","author":{"@type":"Person","@id":"https:\/\/www.radiotime.it\/author\/staff\/#Person","name":"staff","url":"https:\/\/www.radiotime.it\/author\/staff\/","identifier":8,"image":{"@type":"ImageObject","@id":"https:\/\/secure.gravatar.com\/avatar\/8f004fcfadece6f5f68f901a61253afb?s=96&d=mm&r=g","url":"https:\/\/secure.gravatar.com\/avatar\/8f004fcfadece6f5f68f901a61253afb?s=96&d=mm&r=g","height":96,"width":96}},"publisher":{"@type":"Organization","name":"RADIOTIME","logo":{"@type":"ImageObject","@id":"https:\/\/www.radiotime.it\/wp-content\/uploads\/2020\/02\/Logo_Time_1500-e1580898267395.png","url":"https:\/\/www.radiotime.it\/wp-content\/uploads\/2020\/02\/Logo_Time_1500-e1580898267395.png","width":600,"height":60}},"image":{"@type":"ImageObject","@id":"https:\/\/www.radiotime.it\/wp-content\/uploads\/2021\/01\/Boscaglia_DAN4373-e1612619087331.jpg","url":"https:\/\/www.radiotime.it\/wp-content\/uploads\/2021\/01\/Boscaglia_DAN4373-e1612619087331.jpg","height":1080,"width":1048},"url":"https:\/\/www.radiotime.it\/2021\/02\/06\/palermo-boscaglia-con-lavellino-mi-aspetto-grande-partita-santana-non-convocato\/","about":["News","Sport"],"wordCount":515,"keywords":["Avellino","Boscaglia","conferenza","Palermo","serie c"],"articleBody":"AVELLINO-PALERMO: PARLA ROBERTO BOSCAGLIA\u00c8 vigilia di match per il Palermo che domani affronter\u00e0 l\u2019Avellino nella gara valida per la 23a giornata di Serie C. Proprio in vista di Avellino-Palermo, in programma alle 15 allo stadio \u201cPartenio-Adriano Lombardi\u201d, il tecnico rosanero Roberto Boscaglia \u00e8 stato il protagonista della consueta conferenza stampa pre-gara.&nbsp;Di seguito le sue dichiarazioni:\u00abDobbiamo cercare di fare il massimo in questo campionato in cui c\u2019\u00e8 tanto da fare e da dire. C\u2019\u00e8 grande possibilit\u00e0 di fare cose importanti, ci crediamo. \u00c8 naturale che questo periodo serve a capire determinate cose. Questo campionato pu\u00f2 ancora dare tanto\u00bb.&nbsp;In merito ai pochi gol realizzati in trasferta:\u00abNon sappiamo neanche se siamo da questa classifica, lo sapremo a fine campionato. Possiamo e dobbiamo fare meglio, se ci affidiamo i numeri bisogna dire che siamo la squadra che costruisce di pi\u00f9 e meglio a livello di occasioni da gol. Bisogna continuare. Ci sono giocatori che nascono con il fiuto del gol, altri invece devono lavorarci. Continueremo a lavorarci\u00bb.&nbsp;In merito alla classifica, Boscaglia ha cos\u00ec parlato:\u00abNoi intanto vogliamo avere un piazzamento importante e fare il meglio. Giocando i play-off dobbiamo dare fondo a tutto quello che hai dentro. Perch\u00e9 bene con le grandi? Devi far capire alla squadra quali siano le loro potenzialit\u00e0. Io ero certo che con la Ternana avremmo fatto una buona partita. Mentalmente \u00e8 pi\u00f9 facile prepararla dal punto di vista motivazionale. Ci sono giocatori che la fanno emergere sempre, altri dipende dalla partita\u00bb.&nbsp;Roberto Boscaglia ha poi parlato della gara contro l\u2019Avellino di domani, parlando anche della gara d\u2019andata persa dal Palermo per 2 a 0:\u00abContro l\u2019Avellino mi aspetto una grande prestazione per dare seguito a ci\u00f2 che abbiamo fatto. Dobbiamo dare continuit\u00e0 non solo al gioco, ma anche all\u2019atteggiamento e alla voglia. Rispetto alla gara d\u2019andata \u00e8 cambiato un po\u2019 tutto, sia noi che loro. Mi aspetto un Avellino che sa quello che vuole, una squadra fisica e tecnica che vuole arrivare pi\u00f9 in l\u00e0 in classifica. Avellino-Palermo una partita di carrello. Ci terranno a confermare tutto il loro valore. Dobbiamo andare l\u00ec consapevoli della nostra forza e convinti di poter portare punti a casa\u00bb.&nbsp;La squadra rosanero ha raggiunto Avellino nuovamente in pullman, scatenando nuovamente le polemiche dei tifosi. Il commento del mister in merito:\u00abIn pullman fino ad Avellino? Noi spezziamo la trasferta venendo il giorno prima. Andando a vedere i voli, ci sono pochissimi che vanno verso Napoli o Roma. \u00c8 l\u2019ultima cosa a cui pensiamo onestamente\u00bb.&nbsp;Sulle condizioni dei giocatori:\u00abNo Almici non ha 90 minuti, \u00e8 con noi perch\u00e9 un giocatore importante ed \u00e8 disponibile, ma ha solo qualche minuti. Rauti pu\u00f2 giocare prima e seconda punta, ma sta facendo bene come attaccante esterno. Assenza Santana? Ha avuto un problema gastrointestinale e abbiamo preferito lasciarlo a casa e non portarlo con noi\u00bb.&nbsp;AVELLINO-PALERMO: COMMENTATE LA PARTITA CON NOI DURANTE IL TIME SPORT XXL. SEGUITECI SU RADIOTIME.IT E SU TUTTI I NOSTRI CANALI SOCIAL."},{"@context":"https:\/\/schema.org\/","@type":"BreadcrumbList","itemListElement":[{"@type":"ListItem","position":1,"name":"2021","item":"https:\/\/www.radiotime.it\/2021\/#breadcrumbitem"},{"@type":"ListItem","position":2,"name":"02","item":"https:\/\/www.radiotime.it\/2021\/\/02\/#breadcrumbitem"},{"@type":"ListItem","position":3,"name":"06","item":"https:\/\/www.radiotime.it\/2021\/\/02\/\/06\/#breadcrumbitem"},{"@type":"ListItem","position":4,"name":"Palermo, Boscaglia: \u00abCon l\u2019Avellino mi aspetto grande partita. Santana non convocato\u00bb","item":"https:\/\/www.radiotime.it\/2021\/02\/06\/palermo-boscaglia-con-lavellino-mi-aspetto-grande-partita-santana-non-convocato\/#breadcrumbitem"}]}]