[{"@context":"https:\/\/schema.org\/","@type":"NewsArticle","@id":"https:\/\/www.radiotime.it\/2021\/02\/11\/sicilia-in-zona-gialla-il-prima-possibile-le-attivita-devono-sopravvivere\/#NewsArticle","mainEntityOfPage":"https:\/\/www.radiotime.it\/2021\/02\/11\/sicilia-in-zona-gialla-il-prima-possibile-le-attivita-devono-sopravvivere\/","headline":"Sicilia in zona gialla il prima possibile: \u00abLe attivit\u00e0 devono sopravvivere\u00bb","name":"Sicilia in zona gialla il prima possibile: \u00abLe attivit\u00e0 devono sopravvivere\u00bb","description":"LE ATTIVIT\u00c0 DEVONO RIPARTIRE PER SOPRAVVIVERE, LA SICILIA IN ZONA GIALLA L&#8217;UNICA SOLUZIONE &nbsp; Zona gialla o no? I dati incoraggianti della Sicilia porterebbero ad un allentamento delle restrizioni, ma non tutti sono d&#8217;accordo. Il rischio di riaprire e poi tornare in zona arancione \u00e8 concreto come \u00e8 concreta anche l&#8217;ipotesi di non allentare le [&hellip;]","datePublished":"2021-02-11","dateModified":"2021-02-11","author":{"@type":"Person","@id":"https:\/\/www.radiotime.it\/author\/staff\/#Person","name":"staff","url":"https:\/\/www.radiotime.it\/author\/staff\/","identifier":8,"image":{"@type":"ImageObject","@id":"https:\/\/secure.gravatar.com\/avatar\/8f004fcfadece6f5f68f901a61253afb?s=96&d=mm&r=g","url":"https:\/\/secure.gravatar.com\/avatar\/8f004fcfadece6f5f68f901a61253afb?s=96&d=mm&r=g","height":96,"width":96}},"publisher":{"@type":"Organization","name":"RADIOTIME","logo":{"@type":"ImageObject","@id":"https:\/\/www.radiotime.it\/wp-content\/uploads\/2020\/02\/Logo_Time_1500-e1580898267395.png","url":"https:\/\/www.radiotime.it\/wp-content\/uploads\/2020\/02\/Logo_Time_1500-e1580898267395.png","width":600,"height":60}},"image":{"@type":"ImageObject","@id":"https:\/\/www.radiotime.it\/wp-content\/uploads\/2021\/02\/Screenshot_20210211-123506_Chrome.jpg","url":"https:\/\/www.radiotime.it\/wp-content\/uploads\/2021\/02\/Screenshot_20210211-123506_Chrome.jpg","height":837,"width":924},"url":"https:\/\/www.radiotime.it\/2021\/02\/11\/sicilia-in-zona-gialla-il-prima-possibile-le-attivita-devono-sopravvivere\/","video":{"@context":"http:\/\/schema.org\/","@type":"VideoObject","@id":"https:\/\/www.youtube.com\/watch?v=8G4q4pgRD9I#VideoObject","contentUrl":"https:\/\/www.youtube.com\/watch?v=8G4q4pgRD9I","name":"Zona Gialla per la Sicilia prima di San Valentino","description":"La richiesta di dichiarare Sicilia Zona Gialla prima di San Valentino per aiutare i ristoratori e le attivit\u00e0 commerciali in sofferenza. Ne parliamo con L'On. Elvira Amata  (deputata regionale Fratelli d'Italia).","thumbnailUrl":["https:\/\/i.ytimg.com\/vi\/8G4q4pgRD9I\/default.jpg","https:\/\/i.ytimg.com\/vi\/8G4q4pgRD9I\/mqdefault.jpg","https:\/\/i.ytimg.com\/vi\/8G4q4pgRD9I\/hqdefault.jpg","https:\/\/i.ytimg.com\/vi\/8G4q4pgRD9I\/sddefault.jpg","https:\/\/i.ytimg.com\/vi\/8G4q4pgRD9I\/maxresdefault.jpg"],"uploadDate":"2021-02-11T11:10:36+00:00","duration":"PT7M4S","embedUrl":"https:\/\/www.youtube.com\/embed\/8G4q4pgRD9I","publisher":{"@type":"Organization","@id":"https:\/\/www.youtube.com\/channel\/UCFVJan2trTK1CbyJixRlqnw#Organization","url":"https:\/\/www.youtube.com\/channel\/UCFVJan2trTK1CbyJixRlqnw","name":"Radio Time","description":"Il canale youtube di Radio Time con i migliori video. Ospiti, interviste promo e live della radio.\r\nRadio Time la puoi ascoltare in Sicilia in fm e vedere sui canali 91 o 591 hd, sul sito radiotime.it, con la app per Android e iPhone e smart speaker per Alexa e Google Home!\nRadio Time, Top City Radio!\n","logo":{"url":"https:\/\/yt3.ggpht.com\/2K5YCHeA2SVy2Qp5YoKUGEFRlcm-y8RtMs3G8VjpsSDbVBjBCEGQh-DWM-3uZpj7_GtorM5fiA=s800-c-k-c0x00ffffff-no-rj","width":800,"height":800,"@type":"ImageObject","@id":"https:\/\/www.youtube.com\/watch?v=8G4q4pgRD9I#VideoObject_publisher_logo_ImageObject"}},"potentialAction":{"@type":"SeekToAction","@id":"https:\/\/www.youtube.com\/watch?v=8G4q4pgRD9I#VideoObject_potentialAction","target":"https:\/\/www.youtube.com\/watch?v=8G4q4pgRD9I&t={seek_to_second_number}","startOffset-input":"required name=seek_to_second_number"},"interactionStatistic":[[{"@type":"InteractionCounter","@id":"https:\/\/www.youtube.com\/watch?v=8G4q4pgRD9I#VideoObject_interactionStatistic_WatchAction","interactionType":{"@type":"WatchAction"},"userInteractionCount":27}]]},"about":["Cronaca","Interviste","News","Time Magazine"],"wordCount":155,"keywords":["attivit\u00e0","elvira amata","Sicilia","zonq gialla"],"articleBody":"LE ATTIVIT\u00c0 DEVONO RIPARTIRE PER SOPRAVVIVERE, LA SICILIA IN ZONA GIALLA L&#8217;UNICA SOLUZIONE&nbsp;Zona gialla o no? I dati incoraggianti della Sicilia porterebbero ad un allentamento delle restrizioni, ma non tutti sono d&#8217;accordo. Il rischio di riaprire e poi tornare in zona arancione \u00e8 concreto come \u00e8 concreta anche l&#8217;ipotesi di non allentare le restrizioni. Il weekend di San Valentino si avvicina e questo, di norma, \u00e8 un periodo molto importante per la ristorazione e non solo. Le attivit\u00e0 hanno bisogno di una boccata d&#8217;aria dopo un periodo che li ha visti in difficolt\u00e0 e con pochi aiuti da parte della politica e per questo la riapertura \u00e8 un modo per non complicare ancor di pi\u00f9 la loro situazione economica.Della volont\u00e0 di portare la Sicilia in zona gialla ne abbiamo parlato al Time Magazine con l&#8217;onorevole e deuputata regionale di Fratelli d&#8217;Italia Elvira Amata:&nbsp;&nbsp;&nbsp;"},{"@context":"https:\/\/schema.org\/","@type":"BreadcrumbList","itemListElement":[{"@type":"ListItem","position":1,"name":"2021","item":"https:\/\/www.radiotime.it\/2021\/#breadcrumbitem"},{"@type":"ListItem","position":2,"name":"02","item":"https:\/\/www.radiotime.it\/2021\/\/02\/#breadcrumbitem"},{"@type":"ListItem","position":3,"name":"11","item":"https:\/\/www.radiotime.it\/2021\/\/02\/\/11\/#breadcrumbitem"},{"@type":"ListItem","position":4,"name":"Sicilia in zona gialla il prima possibile: \u00abLe attivit\u00e0 devono sopravvivere\u00bb","item":"https:\/\/www.radiotime.it\/2021\/02\/11\/sicilia-in-zona-gialla-il-prima-possibile-le-attivita-devono-sopravvivere\/#breadcrumbitem"}]}]