[{"@context":"https:\/\/schema.org\/","@type":"NewsArticle","@id":"https:\/\/www.radiotime.it\/2021\/02\/20\/palermo-primo-weekend-in-zona-gialla-centro-preso-dassalto\/#NewsArticle","mainEntityOfPage":"https:\/\/www.radiotime.it\/2021\/02\/20\/palermo-primo-weekend-in-zona-gialla-centro-preso-dassalto\/","headline":"Palermo, primo weekend in zona gialla. Centro preso d&#8217;assalto","name":"Palermo, primo weekend in zona gialla. Centro preso d&#8217;assalto","description":"Per la Sicilia \u00e8 il primo weekend in zona gialla ma non ancora in area Covid-free. Le immagini scattate in centro a Palermo fanno discutere. La Sicilia si \u00e8 colorata di giallo, da qualche giorno. Dopo settimane di zona rossa e arancione, \u00e8 comprensibile la voglia di normalit\u00e0 dei cittadini che, oggi pomeriggio, si sono [&hellip;]","datePublished":"2021-02-20","dateModified":"2021-02-21","author":{"@type":"Person","@id":"https:\/\/www.radiotime.it\/author\/staff\/#Person","name":"staff","url":"https:\/\/www.radiotime.it\/author\/staff\/","identifier":8,"image":{"@type":"ImageObject","@id":"https:\/\/secure.gravatar.com\/avatar\/8f004fcfadece6f5f68f901a61253afb?s=96&d=mm&r=g","url":"https:\/\/secure.gravatar.com\/avatar\/8f004fcfadece6f5f68f901a61253afb?s=96&d=mm&r=g","height":96,"width":96}},"publisher":{"@type":"Organization","name":"RADIOTIME","logo":{"@type":"ImageObject","@id":"https:\/\/www.radiotime.it\/wp-content\/uploads\/2020\/02\/Logo_Time_1500-e1580898267395.png","url":"https:\/\/www.radiotime.it\/wp-content\/uploads\/2020\/02\/Logo_Time_1500-e1580898267395.png","width":600,"height":60}},"image":{"@type":"ImageObject","@id":"https:\/\/www.radiotime.it\/wp-content\/uploads\/2021\/02\/153114036_10157711136235974_7055454004661978172_o.jpg","url":"https:\/\/www.radiotime.it\/wp-content\/uploads\/2021\/02\/153114036_10157711136235974_7055454004661978172_o.jpg","height":1920,"width":1080},"url":"https:\/\/www.radiotime.it\/2021\/02\/20\/palermo-primo-weekend-in-zona-gialla-centro-preso-dassalto\/","about":["I Fatti Del Giorno","News"],"wordCount":196,"keywords":["#pandemia","#zonagialla","Covid19","Palermo","Sicilia"],"articleBody":"Per la Sicilia \u00e8 il primo weekend in zona gialla ma non ancora in area Covid-free. Le immagini scattate in centro a Palermo fanno discutere.La Sicilia si \u00e8 colorata di giallo, da qualche giorno. Dopo settimane di zona rossa e arancione, \u00e8 comprensibile la voglia di normalit\u00e0 dei cittadini che, oggi pomeriggio, si sono riversati per le strade del centro di Palermo.Non \u00e8 in discussione lo shopping o la consumazione ad un tavolo. E&#8217; giusto che le attivit\u00e0 pi\u00f9 colpite abbiano un po&#8217; di respiro cos\u00ec come \u00e8 giusto godersi qualche attimo di spensieratezza. Non \u00e8 neppure biasimabile il desiderio di una passeggiata. Fa riflettere, invece, il non sapersi comportare dinanzi ad una pandemia che ci condiziona esattamente da un anno. Ci\u00f2 che si chiede, infatti, \u00e8 che, soprattutto in ambienti ad alto rischio assembramenti, vengano rispettate le regole basilari: dispositivo di protezione, distanza di sicurezza e igienizzazione. Le ordinanze e i Dpcm sono fondamentali per tracciare delle linee guida ma il resto \u00e8 nelle mani\u00a0 di chi le disposizioni deve rispettarle. Ricordiamo che anche la nostra coscienza sa come ci si dovrebbe determinare in alcune circostanze. Impariamo a convivere con il virus.&nbsp;"},{"@context":"https:\/\/schema.org\/","@type":"BreadcrumbList","itemListElement":[{"@type":"ListItem","position":1,"name":"2021","item":"https:\/\/www.radiotime.it\/2021\/#breadcrumbitem"},{"@type":"ListItem","position":2,"name":"02","item":"https:\/\/www.radiotime.it\/2021\/\/02\/#breadcrumbitem"},{"@type":"ListItem","position":3,"name":"20","item":"https:\/\/www.radiotime.it\/2021\/\/02\/\/20\/#breadcrumbitem"},{"@type":"ListItem","position":4,"name":"Palermo, primo weekend in zona gialla. Centro preso d&#8217;assalto","item":"https:\/\/www.radiotime.it\/2021\/02\/20\/palermo-primo-weekend-in-zona-gialla-centro-preso-dassalto\/#breadcrumbitem"}]}]