[{"@context":"https:\/\/schema.org\/","@type":"NewsArticle","@id":"https:\/\/www.radiotime.it\/2021\/02\/28\/m5s-giuseppe-conte-elaborera-un-progetto-rifondativo-dei-pentastellati\/#NewsArticle","mainEntityOfPage":"https:\/\/www.radiotime.it\/2021\/02\/28\/m5s-giuseppe-conte-elaborera-un-progetto-rifondativo-dei-pentastellati\/","headline":"M5s, Giuseppe Conte elaborer\u00e0 un progetto rifondativo dei pentastellati","name":"M5s, Giuseppe Conte elaborer\u00e0 un progetto rifondativo dei pentastellati","description":"Questo \u00e8 l&#8217;esito del vertice pentastellato svoltosi oggi presso l&#8217;hotel Forum di Roma. Oltre il fondatore del movimento e l&#8217;ex premier, presenti anche Di Maio, Fico, Crimi, Taverna, Patuanelli, Fraccaro e Bonafede. Per il M5s \u00e8 ora di riorganizzare a 360 gradi la struttura interna. In questa rifondazione avr\u00e0 un ruolo fondamentale l&#8217;ex premier Conte [&hellip;]","datePublished":"2021-02-28","dateModified":"2022-05-27","author":{"@type":"Person","@id":"https:\/\/www.radiotime.it\/author\/staff\/#Person","name":"staff","url":"https:\/\/www.radiotime.it\/author\/staff\/","identifier":8,"image":{"@type":"ImageObject","@id":"https:\/\/secure.gravatar.com\/avatar\/8f004fcfadece6f5f68f901a61253afb?s=96&d=mm&r=g","url":"https:\/\/secure.gravatar.com\/avatar\/8f004fcfadece6f5f68f901a61253afb?s=96&d=mm&r=g","height":96,"width":96}},"publisher":{"@type":"Organization","name":"RADIOTIME","logo":{"@type":"ImageObject","@id":"https:\/\/www.radiotime.it\/wp-content\/uploads\/2020\/02\/Logo_Time_1500-e1580898267395.png","url":"https:\/\/www.radiotime.it\/wp-content\/uploads\/2020\/02\/Logo_Time_1500-e1580898267395.png","width":600,"height":60}},"image":{"@type":"ImageObject","@id":"https:\/\/www.radiotime.it\/wp-content\/uploads\/2020\/01\/Logo_Time_140.png","url":"https:\/\/www.radiotime.it\/wp-content\/uploads\/2020\/01\/Logo_Time_140.png","width":100,"height":100},"url":"https:\/\/www.radiotime.it\/2021\/02\/28\/m5s-giuseppe-conte-elaborera-un-progetto-rifondativo-dei-pentastellati\/","about":["I Fatti Del Giorno","News"],"wordCount":445,"keywords":["#giuseppeconte","#grillo","#pentastellati","Conte","Di Maio","m5s"],"articleBody":"Questo \u00e8 l&#8217;esito del vertice pentastellato svoltosi oggi presso l&#8217;hotel Forum di Roma. Oltre il fondatore del movimento e l&#8217;ex premier, presenti anche Di Maio, Fico, Crimi, Taverna, Patuanelli, Fraccaro e Bonafede.Per il M5s \u00e8 ora di riorganizzare a 360 gradi la struttura interna. In questa rifondazione avr\u00e0 un ruolo fondamentale l&#8217;ex premier Conte che ha accettato l&#8217;invito ad elaborare un progetto rifondativo del Movimento. E&#8217; quanto si apprende da un post su Facebook del M5s, a poche ore dal vertice pentastellato al quale hanno partecipato, tra gli altri, Grillo e l&#8217;ex premier. &#8220;Una sfida cruciale per il Movimento, una ristrutturazione integrale per trasformarlo in una forza politica sempre pi\u00f9 aperta alla societ\u00e0 civile, capace di diventare punto centrale di riferimento nell&#8217;attuale quadro politico e di avere un ruolo determinante da qui al 2050&#8221;, si legge ancora.&#8220;Il Movimento sar\u00e0 la forza trainante della transizione ecologica e digitale, poggiando per\u00f2 su pilastri insostituibili, quei valori originari che lo hanno sempre contraddistinto: la tutela dell&#8217;ambiente, l&#8217;importanza dell&#8217;etica pubblica e della lotta alla corruzione, il contrasto delle diseguaglianze di genere, intergenerazionali, territoriali, la lotta contro le rendite di posizione e i privilegi, la pi\u00f9 ampia partecipazione dei cittadini alla vita democratica attraverso il rafforzamento degli istituti di democrazia diretta&#8221;,\u00a0conclude il post.Le reazioni social dei pentastellatiTanto entusiasmo da parte dei grillini per l&#8217;ingresso attivo di Conte nel Movimento. &#8221;Accolgo con entusiasmo la decisione di Giuseppe Conte di entrare ufficialmente nel Movimento Cinque Stelle. Le sfide sono tante e necessitano del lavoro di tutti. Insieme andiamoavanti e lontano. Benvenuto Giuseppe&#8221;. Cos\u00ec in un tweet il sindaco di Roma, Virginia Raggi.Anche Luigi Di Maio, dopo varie dichiarazioni sull&#8217;indispensabile ingresso di Conte nel M5s, si \u00e8 cos\u00ec espresso su facebook: &#8220;Sono anni che ci danno per morti, sbagliando. Il MoVimento 5 Stelle non solo \u00e8 vivo, il MoVimento \u00e8 il presente e scriver\u00e0 il futuro di questo Paese&#8221;. Oggi \u00e8 una giornata molto importante, Giuseppe Conte ha raccolto il nostro invito a elaborare nei prossimi giorni un progetto rifondativo e di rilancio dell&#8217;azione del M5S. Iniziamo a costruire le basi per guardare avanti con una nuova visione, sempre pi\u00f9 a contatto con la realt\u00e0 e vicina alle esigenze degli italiani&#8221;.Grande soddisfazione anche da parte di Grillo.\u00a0&#8220;Bellissima giornata &#8211; ha twittato il fondatore del Movimento &#8211; tutte le cose che non verranno pubblicate sono vere&#8221;, ha scritto in polemica con i giornalisti. Poi, sul suo blog, ha aggiunto: &#8220;Transizione ecologica vuol dire futuro, non solo per salvare il pianeta ma per garantire un buon futuro a tutte le persone&#8221;, ha scritto."},{"@context":"https:\/\/schema.org\/","@type":"BreadcrumbList","itemListElement":[{"@type":"ListItem","position":1,"name":"2021","item":"https:\/\/www.radiotime.it\/2021\/#breadcrumbitem"},{"@type":"ListItem","position":2,"name":"02","item":"https:\/\/www.radiotime.it\/2021\/\/02\/#breadcrumbitem"},{"@type":"ListItem","position":3,"name":"28","item":"https:\/\/www.radiotime.it\/2021\/\/02\/\/28\/#breadcrumbitem"},{"@type":"ListItem","position":4,"name":"M5s, Giuseppe Conte elaborer\u00e0 un progetto rifondativo dei pentastellati","item":"https:\/\/www.radiotime.it\/2021\/02\/28\/m5s-giuseppe-conte-elaborera-un-progetto-rifondativo-dei-pentastellati\/#breadcrumbitem"}]}]