[{"@context":"https:\/\/schema.org\/","@type":"NewsArticle","@id":"https:\/\/www.radiotime.it\/2021\/03\/02\/festa-delle-donne-iocicredo\/#NewsArticle","mainEntityOfPage":"https:\/\/www.radiotime.it\/2021\/03\/02\/festa-delle-donne-iocicredo\/","headline":"Festa delle Donne: #Iocicredo","name":"Festa delle Donne: #Iocicredo","description":"Festa delle Donne: #Iocicredo La Giornata Internazionale della Donna che si festeggia l\u2019otto marzo di ogni anno \u00e8 simbolo delle conquiste sociali, economiche, politiche, sportive nonch\u00e9 le discriminazioni e le violenze di cui le donne sono state e sono tuttora oggetto in tantissime parti del mondo. In questa speciale rubrica che ci porter\u00e0 proprio all\u2019otto [&hellip;]","datePublished":"2021-03-02","dateModified":"2021-03-02","author":{"@type":"Person","@id":"https:\/\/www.radiotime.it\/author\/staff\/#Person","name":"staff","url":"https:\/\/www.radiotime.it\/author\/staff\/","identifier":8,"image":{"@type":"ImageObject","@id":"https:\/\/secure.gravatar.com\/avatar\/8f004fcfadece6f5f68f901a61253afb?s=96&d=mm&r=g","url":"https:\/\/secure.gravatar.com\/avatar\/8f004fcfadece6f5f68f901a61253afb?s=96&d=mm&r=g","height":96,"width":96}},"publisher":{"@type":"Organization","name":"RADIOTIME","logo":{"@type":"ImageObject","@id":"https:\/\/www.radiotime.it\/wp-content\/uploads\/2020\/02\/Logo_Time_1500-e1580898267395.png","url":"https:\/\/www.radiotime.it\/wp-content\/uploads\/2020\/02\/Logo_Time_1500-e1580898267395.png","width":600,"height":60}},"image":{"@type":"ImageObject","@id":"https:\/\/www.radiotime.it\/wp-content\/uploads\/2021\/03\/Untitled-design-21.png","url":"https:\/\/www.radiotime.it\/wp-content\/uploads\/2021\/03\/Untitled-design-21.png","height":1080,"width":1080},"url":"https:\/\/www.radiotime.it\/2021\/03\/02\/festa-delle-donne-iocicredo\/","about":["News"],"wordCount":198,"keywords":["#IoCiCredo","festa delle donne","io ci credo","otto marzo"],"articleBody":"Festa delle Donne: #IocicredoLa Giornata Internazionale della Donna che si festeggia l\u2019otto marzo di ogni anno \u00e8 simbolo delle conquiste sociali, economiche, politiche, sportive nonch\u00e9 le discriminazioni e le violenze di cui le donne sono state e sono tuttora oggetto in tantissime parti del mondo.In questa speciale rubrica che ci porter\u00e0 proprio all\u2019otto marzo, vi mostreremo e vi racconteremo il lavoro di queste donne che hanno lottato, urlato, sofferto, perch\u00e9 hanno creduto e credono ancora che con la determinazione, la forza e la volont\u00e0, si pu\u00f2 lottare per un mondo migliore per tutti. Donne che hanno fatto sentire la propria voce, che ci hanno creduto e che nonostante le difficolt\u00e0 che hanno incontrato sulla propria strada, sono riuscite a raggiungere traguardi per rendere non solo il loro mondo migliore, ma anche quello degli altri.&nbsp;Cinque donne la cui storia ha fatto la differenza non solo per il mondo femminile, ma per il genere umano. Perch\u00e9 loro ci hanno creduto, ci hanno creduto davvero.&nbsp;E tu che non riesci a trovare la forza, la voce per gridare; noi proveremo a farti urlare con forza e determinazione: io ci credo!&nbsp;Seguite RadioTime.it"},{"@context":"https:\/\/schema.org\/","@type":"BreadcrumbList","itemListElement":[{"@type":"ListItem","position":1,"name":"2021","item":"https:\/\/www.radiotime.it\/2021\/#breadcrumbitem"},{"@type":"ListItem","position":2,"name":"03","item":"https:\/\/www.radiotime.it\/2021\/\/03\/#breadcrumbitem"},{"@type":"ListItem","position":3,"name":"02","item":"https:\/\/www.radiotime.it\/2021\/\/03\/\/02\/#breadcrumbitem"},{"@type":"ListItem","position":4,"name":"Festa delle Donne: #Iocicredo","item":"https:\/\/www.radiotime.it\/2021\/03\/02\/festa-delle-donne-iocicredo\/#breadcrumbitem"}]}]