[{"@context":"https:\/\/schema.org\/","@type":"NewsArticle","@id":"https:\/\/www.radiotime.it\/2021\/03\/21\/21-marzo-giornata-in-ricordo-delle-vittime-delle-mafie\/#NewsArticle","mainEntityOfPage":"https:\/\/www.radiotime.it\/2021\/03\/21\/21-marzo-giornata-in-ricordo-delle-vittime-delle-mafie\/","headline":"21 Marzo: Giornata in ricordo delle vittime delle mafie","name":"21 Marzo: Giornata in ricordo delle vittime delle mafie","description":"Oggi, si celebra la &#8220;Giornata della Memoria e dell&#8217;impegno in ricordo delle vittime delle mafie&#8221;, istituita nel 2017. Grazie alla preziosa idea di una madre che ha perso il figlio nella strage di Capaci, il 21 Marzo \u00e8 diventato un giorno simbolo per la storia del nostro Paese. Nel primo giorno di primavera, infatti, si [&hellip;]","datePublished":"2021-03-21","dateModified":"2021-03-21","author":{"@type":"Person","@id":"https:\/\/www.radiotime.it\/author\/staff\/#Person","name":"staff","url":"https:\/\/www.radiotime.it\/author\/staff\/","identifier":8,"image":{"@type":"ImageObject","@id":"https:\/\/secure.gravatar.com\/avatar\/8f004fcfadece6f5f68f901a61253afb?s=96&d=mm&r=g","url":"https:\/\/secure.gravatar.com\/avatar\/8f004fcfadece6f5f68f901a61253afb?s=96&d=mm&r=g","height":96,"width":96}},"publisher":{"@type":"Organization","name":"RADIOTIME","logo":{"@type":"ImageObject","@id":"https:\/\/www.radiotime.it\/wp-content\/uploads\/2020\/02\/Logo_Time_1500-e1580898267395.png","url":"https:\/\/www.radiotime.it\/wp-content\/uploads\/2020\/02\/Logo_Time_1500-e1580898267395.png","width":600,"height":60}},"image":{"@type":"ImageObject","@id":"https:\/\/www.radiotime.it\/wp-content\/uploads\/2021\/03\/NO-MAFIA.jpg","url":"https:\/\/www.radiotime.it\/wp-content\/uploads\/2021\/03\/NO-MAFIA.jpg","height":637,"width":1085},"url":"https:\/\/www.radiotime.it\/2021\/03\/21\/21-marzo-giornata-in-ricordo-delle-vittime-delle-mafie\/","about":["Eventi","I Fatti Del Giorno","News"],"wordCount":592,"keywords":["#21marzo","#giornata","#italia","#mermoria","#nomafia","#ricordo","#vittimedimafia"],"articleBody":"Oggi, si celebra la &#8220;Giornata della Memoria e dell&#8217;impegno in ricordo delle vittime delle mafie&#8221;, istituita nel 2017.Grazie alla preziosa idea di una madre che ha perso il figlio nella strage di Capaci, il 21 Marzo \u00e8 diventato un giorno simbolo per la storia del nostro Paese. Nel primo giorno di primavera, infatti, si celebra la Giornata della Memoria e dell&#8217;impegno in ricordo delle vittime delle mafie. Questa splendida iniziativa \u00e8 la dimostrazione di come dal dolore inconsolabile possa nascere la voglia di memoria e la forza di voler far fiorire coscienze. Nessuno muore davvero finch\u00e9 vive nel ricordo e da qui deriva il sacrosanto desiderio che ogni vittima venga ricordata con il proprio nome.Soltanto quattro anni fa, con la legge n. 20 dell\u20198 marzo 2017, viene riconosciuta ufficialmente e istituita questa giornata. Risale, per\u00f2, gi\u00e0 al 1996, l&#8217;idea di leggere senza sosta il primo interminabile elenco delle vittime di mafia. Il 21 marzo 1996, infatti, nella splendida piazza del Campidoglio a Roma, su un piccolo palco e con un microfono, per la prima volta, vengono letti i nomi di persone innocenti strappate alla vita e ai propri cari a causa della crudelt\u00e0 mafiosa.L&#8217;impegno di Libera nel ricordoLibera, dal 1995, tramite innumerevoli iniziative \u00e8 in prima linea nella lotta alla mafia e nell&#8217;affermazione della giustizia e della verit\u00e0. Altri due pilastri dell&#8217;agire di Libera sono: Memoria e Impegno, soprattutto nel tenere vivo il ricordo delle vittime innocenti delle mafie. &#8220;Leggere i nomi delle vittime, scandirli con cura, \u00e8 un modo &#8211; si legge sul sito di Libera &#8211; per far rivivere quegli uomini e quelle donne, bambini e bambine, per non far morire le idee testimoniate, l\u2019esempio di chi ha combattuto le mafie a viso aperto e non ha ceduto alle minacce e ai ricatti che gli imponevano di derogare dal proprio dovere professionale e civile, ma anche le vite di chi, suo malgrado, si \u00e8 ritrovato nella traiettoria di una pallottola o vittima di potenti esplosivi diretti ad altri. Storie pulsanti di vita, di passioni, di sacrifici, di amore per il bene comune e di affermazione di diritti e di libert\u00e0 negate&#8220;.Slogan &#8220;A ricordar e riveder le stelle&#8221; &#8211; 21 Marzo 2021Lo slogan &#8220;A ricordar e riveder le stelle&#8220; creato per quest&#8217;anno contiene anche un celebre verso della Divina Commedia che conclude la cantica dell&#8217;Inferno: &#8220;E quindi uscimmo a\u00a0riveder le stelle&#8220;. Una scelta che ha un significato molto profondo, come si legge dal sito di Libera: &#8221; Il passaggio dal ricordo alla memoria ci d\u00e0 la possibilit\u00e0 di interrogare insieme il passato, per esprimere la cura e la responsabilit\u00e0 di cui \u00e8 intriso il nostro impegno nell&#8217;oggi e nel domani.\u00a0\u00a0Il desiderio di \u2018riveder le stelle\u2019 e di uscire dall\u2019inferno della pandemia, dopo un anno di isolamento e distanziamento, \u00e8 un desiderio forte tra tutti i cittadini. La parola stessa desiderio ci rimanda al cielo: desiderare \u00e8 avvertire la mancanza di stelle, sidus in latino, quindi sentire forte la necessit\u00e0 di buoni auspici, di luce che illumina e d\u00e0 energia.Nella giornata di ieri, 20 Marzo, si \u00e8 svolta in tutta Italia l&#8217;emozionante iniziativa che prevede la lettura dei nomi in uno o pi\u00f9 spazi del proprio territorio. Oggi, invece, in collaborazione con Rai per il Sociale, sono previsti\u00a0\u00a0momenti di raccoglimento, veglie ecumeniche, deposizioni di fiori presso lapidi o strade intitolate a vittime di mafie. Tanti, inoltre, i programmi e i contenuti dedicati a questa importante giornata.E&#8217; possibile seguire la diretta streaming del 21 marzo qui:\u00a0https:\/\/www.libera.it\/&nbsp;"},{"@context":"https:\/\/schema.org\/","@type":"BreadcrumbList","itemListElement":[{"@type":"ListItem","position":1,"name":"2021","item":"https:\/\/www.radiotime.it\/2021\/#breadcrumbitem"},{"@type":"ListItem","position":2,"name":"03","item":"https:\/\/www.radiotime.it\/2021\/\/03\/#breadcrumbitem"},{"@type":"ListItem","position":3,"name":"21","item":"https:\/\/www.radiotime.it\/2021\/\/03\/\/21\/#breadcrumbitem"},{"@type":"ListItem","position":4,"name":"21 Marzo: Giornata in ricordo delle vittime delle mafie","item":"https:\/\/www.radiotime.it\/2021\/03\/21\/21-marzo-giornata-in-ricordo-delle-vittime-delle-mafie\/#breadcrumbitem"}]}]