[{"@context":"https:\/\/schema.org\/","@type":"NewsArticle","@id":"https:\/\/www.radiotime.it\/2021\/03\/22\/fondi-sicilia-armao-predisposto-piano-per-le-categorie-piu-colpite\/#NewsArticle","mainEntityOfPage":"https:\/\/www.radiotime.it\/2021\/03\/22\/fondi-sicilia-armao-predisposto-piano-per-le-categorie-piu-colpite\/","headline":"Fondi Sicilia, Armao: &#8220;Predisposto piano per le categorie pi\u00f9 colpite&#8221;","name":"Fondi Sicilia, Armao: &#8220;Predisposto piano per le categorie pi\u00f9 colpite&#8221;","description":"&nbsp; SICILIA, FONDI PER LE CATEGORIE PI\u00d9 COLPITE: PARLA ARMAO Tempo di Finanziaria alla Regione Sicilia. L&#8217;Assessore all&#8217;economia Gaetano Armao, intervenuto al Time Magazine, ha parlato dei fondi che la Regione Sicilia ha stanziato e stanzier\u00e0 per le categorie pi\u00f9 colpite in questo periodo di crisi economica e sanitaria: &#8220;Cosa ha fatto cambiare idea al [&hellip;]","datePublished":"2021-03-22","dateModified":"2021-03-22","author":{"@type":"Person","@id":"https:\/\/www.radiotime.it\/author\/staff\/#Person","name":"staff","url":"https:\/\/www.radiotime.it\/author\/staff\/","identifier":8,"image":{"@type":"ImageObject","@id":"https:\/\/secure.gravatar.com\/avatar\/8f004fcfadece6f5f68f901a61253afb?s=96&d=mm&r=g","url":"https:\/\/secure.gravatar.com\/avatar\/8f004fcfadece6f5f68f901a61253afb?s=96&d=mm&r=g","height":96,"width":96}},"publisher":{"@type":"Organization","name":"RADIOTIME","logo":{"@type":"ImageObject","@id":"https:\/\/www.radiotime.it\/wp-content\/uploads\/2020\/02\/Logo_Time_1500-e1580898267395.png","url":"https:\/\/www.radiotime.it\/wp-content\/uploads\/2020\/02\/Logo_Time_1500-e1580898267395.png","width":600,"height":60}},"image":{"@type":"ImageObject","@id":"https:\/\/www.radiotime.it\/wp-content\/uploads\/2020\/11\/gaetano_Armao.jpg","url":"https:\/\/www.radiotime.it\/wp-content\/uploads\/2020\/11\/gaetano_Armao.jpg","height":474,"width":798},"url":"https:\/\/www.radiotime.it\/2021\/03\/22\/fondi-sicilia-armao-predisposto-piano-per-le-categorie-piu-colpite\/","about":["Cronaca","Interviste","News","Time Magazine"],"wordCount":242,"keywords":["armao","finanziaria","fondi","Regione","Sicilia"],"articleBody":"&nbsp;SICILIA, FONDI PER LE CATEGORIE PI\u00d9 COLPITE: PARLA ARMAOTempo di Finanziaria alla Regione Sicilia. L&#8217;Assessore all&#8217;economia Gaetano Armao, intervenuto al Time Magazine, ha parlato dei fondi che la Regione Sicilia ha stanziato e stanzier\u00e0 per le categorie pi\u00f9 colpite in questo periodo di crisi economica e sanitaria:&#8220;Cosa ha fatto cambiare idea al Governo in merito ai fondi che deve gestire la Sicilia? \u00c8 un&#8217;importante intesa che abbiamo raggiunto con il Governo nazionale. Era una questione puramente formale e intesa raggiunta con il Ministro Gelmini che ringrazio. Abbiamo trovato la soluzione per risolvere la questione cos\u00ec per mandare avanti il lavoro. \u00c8 auspicio di tutti approvare il bilancio il prima possibile&#8221;In merito al bilancio regionale:&#8220;Approvare il bilancio ci permetterebbe di sbloccare risorse ingenti. Sulla necessit\u00e0 di interventi finanziari purtroppo non si pu\u00f2 che convenire. La drammatica svolta di questa crisi sta avendo effetti che vanno aldil\u00e0. Noi stiamo predisponendo un piano, in intesa con Musumeci e il Ministro Carfagna, che consente di effettuare delle manovre di sostegno per delle categorie pi\u00f9 penalizzate&#8221;.Fondi per le categorie pi\u00f9 colpite:&#8220;Abbiamo stanziato 5 milioni di euro per il settore dello spettacolo grazie ad un&#8217;intesa a livello nazionale. \u00c8 gi\u00e0 prevista la riprogrammazione in merito al bilancio. Abbiamo gi\u00e0 raggiunto un intesa con fondi interregionali e con il Ministro Carfagna per intervenire con le categorie pi\u00f9 colpite&#8221;.https:\/\/www.radiotime.it\/wp-content\/uploads\/2021\/03\/TM-intervista-lass-Armao-22-03-2021.mp3&nbsp;"},{"@context":"https:\/\/schema.org\/","@type":"BreadcrumbList","itemListElement":[{"@type":"ListItem","position":1,"name":"2021","item":"https:\/\/www.radiotime.it\/2021\/#breadcrumbitem"},{"@type":"ListItem","position":2,"name":"03","item":"https:\/\/www.radiotime.it\/2021\/\/03\/#breadcrumbitem"},{"@type":"ListItem","position":3,"name":"22","item":"https:\/\/www.radiotime.it\/2021\/\/03\/\/22\/#breadcrumbitem"},{"@type":"ListItem","position":4,"name":"Fondi Sicilia, Armao: &#8220;Predisposto piano per le categorie pi\u00f9 colpite&#8221;","item":"https:\/\/www.radiotime.it\/2021\/03\/22\/fondi-sicilia-armao-predisposto-piano-per-le-categorie-piu-colpite\/#breadcrumbitem"}]}]