[{"@context":"https:\/\/schema.org\/","@type":"NewsArticle","@id":"https:\/\/www.radiotime.it\/2021\/03\/24\/niente-padrini-e-madrine-per-battesimi-e-cresime-per-tre-anni-la-decisione\/#NewsArticle","mainEntityOfPage":"https:\/\/www.radiotime.it\/2021\/03\/24\/niente-padrini-e-madrine-per-battesimi-e-cresime-per-tre-anni-la-decisione\/","headline":"Niente padrini e madrine per Battesimi e Cresime per tre anni: la decisione","name":"Niente padrini e madrine per Battesimi e Cresime per tre anni: la decisione","description":"Niente padrini e madrine per Battesimi e Cresime per tre anni: la decisione &nbsp; Niente padrini e madrine per Battesimi e Cresime per i prossimi tre anni. Questo \u00e8 quanto deciso dall&#8217;Arcivescovo Salvatore Gristina della diocesi di Catania. L&#8217;Arcivescovo ha emanato un decreto &#8220;ad experimentum e ad triennium&#8221; con il quale si comunica ai presbiteri [&hellip;]","datePublished":"2021-03-24","dateModified":"2021-03-24","author":{"@type":"Person","@id":"https:\/\/www.radiotime.it\/author\/staff\/#Person","name":"staff","url":"https:\/\/www.radiotime.it\/author\/staff\/","identifier":8,"image":{"@type":"ImageObject","@id":"https:\/\/secure.gravatar.com\/avatar\/8f004fcfadece6f5f68f901a61253afb?s=96&d=mm&r=g","url":"https:\/\/secure.gravatar.com\/avatar\/8f004fcfadece6f5f68f901a61253afb?s=96&d=mm&r=g","height":96,"width":96}},"publisher":{"@type":"Organization","name":"RADIOTIME","logo":{"@type":"ImageObject","@id":"https:\/\/www.radiotime.it\/wp-content\/uploads\/2020\/02\/Logo_Time_1500-e1580898267395.png","url":"https:\/\/www.radiotime.it\/wp-content\/uploads\/2020\/02\/Logo_Time_1500-e1580898267395.png","width":600,"height":60}},"image":{"@type":"ImageObject","@id":"https:\/\/www.radiotime.it\/wp-content\/uploads\/2021\/03\/battesimo.png","url":"https:\/\/www.radiotime.it\/wp-content\/uploads\/2021\/03\/battesimo.png","height":374,"width":591},"url":"https:\/\/www.radiotime.it\/2021\/03\/24\/niente-padrini-e-madrine-per-battesimi-e-cresime-per-tre-anni-la-decisione\/","about":["Cronaca","News"],"wordCount":268,"keywords":["Arcivescono Catania","Battesimo","catania","Cresima","madrine","padrine"],"articleBody":"Niente padrini e madrine per Battesimi e Cresime per tre anni: la decisione&nbsp;Niente padrini e madrine per Battesimi e Cresime per i prossimi tre anni. Questo \u00e8 quanto deciso dall&#8217;Arcivescovo Salvatore Gristina della diocesi di Catania.L&#8217;Arcivescovo ha emanato un decreto &#8220;ad experimentum e ad triennium&#8221; con il quale si comunica ai presbiteri e ai diaconi della diocesi la decisione di eliminare la figura di padrini e madrine nei sacramenti.Gristina ha cos\u00ec motivato la sua decisione: &#8220;La secolare tradizione della Chiesa vuole che padrino o madrina accompagnino il battezzando o il cresimando perch\u00e9 gli siano di aiuto nel cammino di fede. Ad esigere la presenza dei padrini non \u00e8 la celebrazione in quanto tale, ma la crescita nella fede del battezzando o del cresimando, per cui essi dovranno essere credenti solidi, capaci e pronti a sostenere nel cammino della vita cristiana. Il loro compito \u00e8 una vera funzione ecclesiale. (Catechismo della Chiesa cattolica, n. 1255)&#8221;.L&#8217;Arcivescovo ha cos\u00ec continuato: &#8220;nell&#8217;odierno contesto socio-ecclesiale la presenza dei padrini e delle madrine risulta spesso una sorta di adempimento formale o di consuetudine sociale, in cui rimane ben poco visibile la dimensione della fede; considerato, altres\u00ec, che la situazione familiare complessa e irregolare di tante persone proposte per assolvere questo compito rende la questione ancora pi\u00f9 delicata; visto che il legislatore nella normativa codiciale al can. 872 non prescrive l&#8217;obbligatoriet\u00e0 di tale figura&#8221;. La decisione, secondo Gristina, &#8220;ha lo scopo di verificare la possibilit\u00e0 di recuperarne l&#8217;identit\u00e0 e la missione ecclesiale&#8221;.Il decreto, che ricordiamo avr\u00e0 durata per tre anni, entrer\u00e0 in vigore dal 25 maggio."},{"@context":"https:\/\/schema.org\/","@type":"BreadcrumbList","itemListElement":[{"@type":"ListItem","position":1,"name":"2021","item":"https:\/\/www.radiotime.it\/2021\/#breadcrumbitem"},{"@type":"ListItem","position":2,"name":"03","item":"https:\/\/www.radiotime.it\/2021\/\/03\/#breadcrumbitem"},{"@type":"ListItem","position":3,"name":"24","item":"https:\/\/www.radiotime.it\/2021\/\/03\/\/24\/#breadcrumbitem"},{"@type":"ListItem","position":4,"name":"Niente padrini e madrine per Battesimi e Cresime per tre anni: la decisione","item":"https:\/\/www.radiotime.it\/2021\/03\/24\/niente-padrini-e-madrine-per-battesimi-e-cresime-per-tre-anni-la-decisione\/#breadcrumbitem"}]}]