[{"@context":"https:\/\/schema.org\/","@type":"NewsArticle","@id":"https:\/\/www.radiotime.it\/2021\/03\/25\/dantedi-il-25-marzo-litalia-celebra-dante-alighieri\/#NewsArticle","mainEntityOfPage":"https:\/\/www.radiotime.it\/2021\/03\/25\/dantedi-il-25-marzo-litalia-celebra-dante-alighieri\/","headline":"Danted\u00ec, il 25 marzo l&#8217;Italia celebra Dante Alighieri","name":"Danted\u00ec, il 25 marzo l&#8217;Italia celebra Dante Alighieri","description":"Il 25 Marzo \u00e8 il Danted\u00ec: la giornata nazionale dedicata al Sommo Poeta. Il Danted\u00ec \u00e8 una ricorrenza istituita dal Consiglio dei ministri, su proposta del ministro della Cultura, Dario Franceschini, nel 2020. Quella del 25 Marzo non \u00e8 una giornata scelta casualmente per celebrare Dante Alighieri ma sarebbe proprio il giorno in cui il [&hellip;]","datePublished":"2021-03-25","dateModified":"2022-07-09","author":{"@type":"Person","@id":"https:\/\/www.radiotime.it\/author\/staff\/#Person","name":"staff","url":"https:\/\/www.radiotime.it\/author\/staff\/","identifier":8,"image":{"@type":"ImageObject","@id":"https:\/\/secure.gravatar.com\/avatar\/8f004fcfadece6f5f68f901a61253afb?s=96&d=mm&r=g","url":"https:\/\/secure.gravatar.com\/avatar\/8f004fcfadece6f5f68f901a61253afb?s=96&d=mm&r=g","height":96,"width":96}},"publisher":{"@type":"Organization","name":"RADIOTIME","logo":{"@type":"ImageObject","@id":"https:\/\/www.radiotime.it\/wp-content\/uploads\/2020\/02\/Logo_Time_1500-e1580898267395.png","url":"https:\/\/www.radiotime.it\/wp-content\/uploads\/2020\/02\/Logo_Time_1500-e1580898267395.png","width":600,"height":60}},"image":{"@type":"ImageObject","@id":"https:\/\/www.radiotime.it\/wp-content\/uploads\/2020\/01\/Logo_Time_140.png","url":"https:\/\/www.radiotime.it\/wp-content\/uploads\/2020\/01\/Logo_Time_140.png","width":100,"height":100},"url":"https:\/\/www.radiotime.it\/2021\/03\/25\/dantedi-il-25-marzo-litalia-celebra-dante-alighieri\/","about":["Eventi","I Fatti Del Giorno","News"],"wordCount":231,"keywords":["#25marzo","#crusca","#dantealighieri","#danted\u00ec","#franceschini","#itala","#italy"],"articleBody":"Il 25 Marzo \u00e8 il Danted\u00ec: la giornata nazionale dedicata al Sommo Poeta.Il Danted\u00ec \u00e8 una ricorrenza istituita dal Consiglio dei ministri, su proposta del ministro della Cultura, Dario Franceschini, nel 2020. Quella del 25 Marzo non \u00e8 una giornata scelta casualmente per celebrare Dante Alighieri ma sarebbe proprio il giorno in cui il Sommo Poeta nel bel mezzo del cammin della vita avrebbe smarrito la retta via. Infatti, il primo canto dell&#8217;Inferno si collocherebbe nella notte tra il 24 e il 25 marzo del 1300. &#8220;Una giornata per ricordare in tutta Italia e nel mondo &#8211; sottolinea Franceschini &#8211; il genio di Dante con moltissime iniziative che vedranno un forte coinvolgimento delle scuole, degli studenti e delle istituzioni culturali. Dante ricorda molte cose che ci tengono insieme: Dante \u00e8 l&#8217;unit\u00e0 del Paese, Dante \u00e8 la lingua italiana, Dante \u00e8 l&#8217;idea stessa di Italia&#8221;.&#8220;Parlare di Dante \u00e8 parlare dell&#8217;Italia&#8221; &#8211; Danted\u00ecInoltre, il 2021 \u00e8 l&#8217;anno in cui ricorre il 700esimo anniversario della morte di Dante Alighieri. Per il Presidente dell&#8217;Accademia della Crusca: &#8220;Celebrare Dante non \u00e8 solo fare memoria di un grande poeta. Perch\u00e9 Dante non \u00e8 solo uno scrittore ma \u00e8 un simbolo letterario dell&#8217;idea stessa di nazione, dell&#8217;idea di Italia. E Dante \u00e8 il grande autore italiano che ha una statura internazionale riconosciuta in tutto il mondo, dalla Cina\u00a0 all&#8217;Australia. Parlare di Dante \u00e8 parlare dell&#8217;Italia&#8221;."},{"@context":"https:\/\/schema.org\/","@type":"BreadcrumbList","itemListElement":[{"@type":"ListItem","position":1,"name":"2021","item":"https:\/\/www.radiotime.it\/2021\/#breadcrumbitem"},{"@type":"ListItem","position":2,"name":"03","item":"https:\/\/www.radiotime.it\/2021\/\/03\/#breadcrumbitem"},{"@type":"ListItem","position":3,"name":"25","item":"https:\/\/www.radiotime.it\/2021\/\/03\/\/25\/#breadcrumbitem"},{"@type":"ListItem","position":4,"name":"Danted\u00ec, il 25 marzo l&#8217;Italia celebra Dante Alighieri","item":"https:\/\/www.radiotime.it\/2021\/03\/25\/dantedi-il-25-marzo-litalia-celebra-dante-alighieri\/#breadcrumbitem"}]}]