[{"@context":"https:\/\/schema.org\/","@type":"NewsArticle","@id":"https:\/\/www.radiotime.it\/2021\/04\/05\/salviniportasfiga-una-pasqua-allinsegna-dei-meme\/#NewsArticle","mainEntityOfPage":"https:\/\/www.radiotime.it\/2021\/04\/05\/salviniportasfiga-una-pasqua-allinsegna-dei-meme\/","headline":"#Salviniportasfiga: una Pasqua all&#8217;insegna dei meme","name":"#Salviniportasfiga: una Pasqua all&#8217;insegna dei meme","description":"Non c&#8217;\u00e8 pace per Matteo Salvini che purtroppo non ne combina una giusta. Oltre ad aver perso molti consensi adesso arriva (l&#8217;ennesima!) accusa sui social di portar sfiga. Questo \u00e8 dovuto alla sua recente strategia di comunicazione di legare il suo profilo agli eventi sportivi di grande risonanza per cercare di aumentare il suo indice [&hellip;]","datePublished":"2021-04-05","dateModified":"2021-04-05","author":{"@type":"Person","@id":"https:\/\/www.radiotime.it\/author\/staff\/#Person","name":"staff","url":"https:\/\/www.radiotime.it\/author\/staff\/","identifier":8,"image":{"@type":"ImageObject","@id":"https:\/\/secure.gravatar.com\/avatar\/8f004fcfadece6f5f68f901a61253afb?s=96&d=mm&r=g","url":"https:\/\/secure.gravatar.com\/avatar\/8f004fcfadece6f5f68f901a61253afb?s=96&d=mm&r=g","height":96,"width":96}},"publisher":{"@type":"Organization","name":"RADIOTIME","logo":{"@type":"ImageObject","@id":"https:\/\/www.radiotime.it\/wp-content\/uploads\/2020\/02\/Logo_Time_1500-e1580898267395.png","url":"https:\/\/www.radiotime.it\/wp-content\/uploads\/2020\/02\/Logo_Time_1500-e1580898267395.png","width":600,"height":60}},"image":{"@type":"ImageObject","@id":"https:\/\/www.radiotime.it\/wp-content\/uploads\/2021\/04\/salvini-sinner.jpg","url":"https:\/\/www.radiotime.it\/wp-content\/uploads\/2021\/04\/salvini-sinner.jpg","height":556,"width":750},"url":"https:\/\/www.radiotime.it\/2021\/04\/05\/salviniportasfiga-una-pasqua-allinsegna-dei-meme\/","about":["Cronaca","News","Sport"],"wordCount":267,"keywords":["salvini","Salvini porta sfiga","sinner","twitter"],"articleBody":"Non c&#8217;\u00e8 pace per Matteo Salvini che purtroppo non ne combina una giusta. Oltre ad aver perso molti consensi adesso arriva (l&#8217;ennesima!) accusa sui social di portar sfiga. Questo \u00e8 dovuto alla sua recente strategia di comunicazione di legare il suo profilo agli eventi sportivi di grande risonanza per cercare di aumentare il suo indice di gradimento, ma con scarsi risultati. Ecco perch\u00e8 che il 19enne Jannik Sinner, il pi\u00f9 giovane italiano ad essere arrivato ai Miami Open e aver giocato una settimana brillante, perde durante la finale contro il polacco Hubert Hurkacz che la rete si \u00e8 incendiata.Non \u00e8 la prima volta che accade: \u00e8 gi\u00e0 successo con Federica Pellegrini, Luna Rossa, il Milan, la Nazionale Italiana. Tutte le volte che parte un tweet di complimenti da parte di Salvini&#8230;l&#8217;esito \u00e8 sempre lo stesso!Il caso del Milan \u00e8 facile ricordarlo: settembre 2019 il &#8220;felpato&#8221; va a vedere il derby con tanto di selfie gioioso. Ma i rossoneri persero 2 a 0. I social accusarono Salvini di portare sfiga anche quando disse che avrebbe tifato per la Croazia nella finale con la Francia. Alla fine infatti hanno vinto i francesi. E come dimenticare il caso con la nazionale italiana: Mondiale del 2006, \u00a0quando tif\u00f2 contro l\u2019Italia sperando nella vittoria della Germania e delle Francia tra semifinale e finale. Quello fu l\u2019ultimo Mondiale vinto dagli azzurri.Insomma Salvini, visto che al momento ci sono poche cose di cui gioire, almeno lasciaci vivere le soddisfazioni che gli sportivi italiani sono in grado di regalarci&#8230;no?Ecco i tweet pi\u00f9 divertenti con l&#8217;hashtag #Salviniportasfiga:    "},{"@context":"https:\/\/schema.org\/","@type":"BreadcrumbList","itemListElement":[{"@type":"ListItem","position":1,"name":"2021","item":"https:\/\/www.radiotime.it\/2021\/#breadcrumbitem"},{"@type":"ListItem","position":2,"name":"04","item":"https:\/\/www.radiotime.it\/2021\/\/04\/#breadcrumbitem"},{"@type":"ListItem","position":3,"name":"05","item":"https:\/\/www.radiotime.it\/2021\/\/04\/\/05\/#breadcrumbitem"},{"@type":"ListItem","position":4,"name":"#Salviniportasfiga: una Pasqua all&#8217;insegna dei meme","item":"https:\/\/www.radiotime.it\/2021\/04\/05\/salviniportasfiga-una-pasqua-allinsegna-dei-meme\/#breadcrumbitem"}]}]