[{"@context":"https:\/\/schema.org\/","@type":"NewsArticle","@id":"https:\/\/www.radiotime.it\/2021\/05\/18\/litalia-unita-nel-dolore-per-la-morte-di-franco-battiato\/#NewsArticle","mainEntityOfPage":"https:\/\/www.radiotime.it\/2021\/05\/18\/litalia-unita-nel-dolore-per-la-morte-di-franco-battiato\/","headline":"L&#8217;Italia unita nel dolore per la morte di Franco Battiato","name":"L&#8217;Italia unita nel dolore per la morte di Franco Battiato","description":"Oggi, ci ha lasciati Franco Battiato: il cantautore siciliano che ci ha insegnato che la musica pu\u00f2 essere una cura. Oggi, all&#8217;et\u00e0 di 76 anni, ci ha lasciati Franco Battiato a causa di una malattia degenerativa. Poco importa se molti non conoscevano bene le sue canzoni e, da oggi, cominceranno ad ascoltarle. Non \u00e8 il [&hellip;]","datePublished":"2021-05-18","dateModified":"2022-05-27","author":{"@type":"Person","@id":"https:\/\/www.radiotime.it\/author\/staff\/#Person","name":"staff","url":"https:\/\/www.radiotime.it\/author\/staff\/","identifier":8,"image":{"@type":"ImageObject","@id":"https:\/\/secure.gravatar.com\/avatar\/8f004fcfadece6f5f68f901a61253afb?s=96&d=mm&r=g","url":"https:\/\/secure.gravatar.com\/avatar\/8f004fcfadece6f5f68f901a61253afb?s=96&d=mm&r=g","height":96,"width":96}},"publisher":{"@type":"Organization","name":"RADIOTIME","logo":{"@type":"ImageObject","@id":"https:\/\/www.radiotime.it\/wp-content\/uploads\/2020\/02\/Logo_Time_1500-e1580898267395.png","url":"https:\/\/www.radiotime.it\/wp-content\/uploads\/2020\/02\/Logo_Time_1500-e1580898267395.png","width":600,"height":60}},"image":{"@type":"ImageObject","@id":"https:\/\/www.radiotime.it\/wp-content\/uploads\/2020\/01\/Logo_Time_140.png","url":"https:\/\/www.radiotime.it\/wp-content\/uploads\/2020\/01\/Logo_Time_140.png","width":100,"height":100},"url":"https:\/\/www.radiotime.it\/2021\/05\/18\/litalia-unita-nel-dolore-per-la-morte-di-franco-battiato\/","about":["musica","News"],"wordCount":625,"keywords":["#francobattiato","#italia","#morte","Sicilia"],"articleBody":"Oggi, ci ha lasciati Franco Battiato: il cantautore siciliano che ci ha insegnato che la musica pu\u00f2 essere una cura.Oggi, all&#8217;et\u00e0 di 76 anni, ci ha lasciati Franco Battiato a causa di una malattia degenerativa.Poco importa se molti non conoscevano bene le sue canzoni e, da oggi, cominceranno ad ascoltarle. Non \u00e8 il giorno giusto per polemizzare ma soltanto per ricordare e celebrare. Poco importa se molti, da oggi, si riscopriranno fan di Battiato. Ogni momento \u00e8 ottimo per imparare ed ascoltare.Forse, quello di oggi \u00e8 il momento pi\u00f9 triste per farlo ma gli insegnamenti superano le correnti gravitazionali e la morte. La musica, d&#8217;altronde, ha il potere di non morire mai.La musica ha tanti poteri, tra i quali anche quello di unire nella felicit\u00e0, nella convivialit\u00e0, cos\u00ec come nel dolore. Noi siciliani ma credo sia opinione comune di tutti quella di sentirci, oggi, un po&#8217; pi\u00f9 vuoti e un po&#8217; pi\u00f9 soli. C&#8217;\u00e8 chi ha perso un idolo, chi una voce confortante, chi una futura possibilit\u00e0 di trovare in un testo le parole giuste che dentro di noi conoscono soltanto l&#8217;alfabeto delle emozioni. L&#8217;ultima sua canzone, registrata due anni prima, \u00e8 &#8220;Torneremo ancora&#8221;. Un titolo pi\u00f9 che mai profetico che celebra la forza di tornare e di rinascere.Oggi, ci sentiamo uniti nel dolore per la scomparsa di un grande artista che \u00e8 parte integrante della nostra cultura musicale e di pensiero. \u00c8 emozionante leggere tanti pensieri e vedere tante foto nei contenitori, seppur virtuali, della vita di tutti noi. \u00c8 un modo per ricordare e per omaggiare. La musica non ha limiti e unisce tutti. Sentiamoci uniti. Ascoltiamo quella musica che pu\u00f2 insegnarci ad essere migliori. Continuiamo ad ascoltarla o iniziamo a farlo, poco importa.I social invasi nel ricordo di Franco BattiatoVari gli omaggi per Franco Battiato, dall&#8217;ex Premier Giuseppe Conte a Carlo Verdone, da Virginia Raggi a Zucchero. Da Vincenzo De Luca a Enrico Mentana. Molti i pensieri di vari artisti conterranei come Levante, Roy Paci e Carmen Consoli che ha modificato la sua immagine del profilo con il simbolo di lutto. Innumerevoli i messaggi di cordoglio per il cantautore catanese.Un pensiero di ricordo anche da parte di Vinicio Capossela che lo ha definito &#8220;uomo vivo, spirituale, generante, pensante, derviscio danzante&#8221;. Telegrafico ma incisivo Vasco Rossi che sul suo profilo scrive &#8220;Addio al Maestro Franco Battiato. Viva Franco Battiato&#8221;. Parecchio emozionante il pensiero di Gio Evan portavoce delle nuove generazioni che sui social cerca di ripercorrere i pi\u00f9 grandi successi di Battiato con alcuni versi:tu mi hai insegnatoche tutto l&#8217;universo obbedisce all&#8217;amore,che per poter viverebisogna anche morire un po&#8217;mi hai insegnato a intravedere l&#8217;alba dentro l&#8217;imbruniree che non devo mai aver pauradella mia solitudineche perfino le aquile non volano in stormimi hai insegnato che lontano dalle leggi della vitasi \u00e8 infelicie che certi luoghi ci ammalianoma sono solo l&#8217;ombra della lucemi hai insegnato che le nuvolenon possono annientare il solee che la cura\u00e8 una canzone da dedicarea una sola personanella nostra vitatu difendimi dalle forze contrariee non mi abbandonare mai\u00e8 tempo di lasciare questo ciclo di vitela mia casa rimbomba di teoggi come ieri,ti vengo a cercareperch\u00e9 sto bene con teperch\u00e9 ho bisogno della tua presenza.[Gio Evan].Franco Battiato ci ha insegnato che tutto l&#8217;universo obbedisce all&#8217;amore, proprio quello della sua musica.Lo ricordiamo con una magistrale interpretazione di una delle sue canzoni pi\u00f9 celebri &#8220;La Cura&#8221; dedicata al prendersi cura di s\u00e9 stessi per riuscire ad amare.https:\/\/www.radiotime.it\/wp-content\/uploads\/2021\/05\/La-cura-Franco-Battiato-versione-inedita-con-orchestra.mp4"},{"@context":"https:\/\/schema.org\/","@type":"BreadcrumbList","itemListElement":[{"@type":"ListItem","position":1,"name":"2021","item":"https:\/\/www.radiotime.it\/2021\/#breadcrumbitem"},{"@type":"ListItem","position":2,"name":"05","item":"https:\/\/www.radiotime.it\/2021\/\/05\/#breadcrumbitem"},{"@type":"ListItem","position":3,"name":"18","item":"https:\/\/www.radiotime.it\/2021\/\/05\/\/18\/#breadcrumbitem"},{"@type":"ListItem","position":4,"name":"L&#8217;Italia unita nel dolore per la morte di Franco Battiato","item":"https:\/\/www.radiotime.it\/2021\/05\/18\/litalia-unita-nel-dolore-per-la-morte-di-franco-battiato\/#breadcrumbitem"}]}]