[{"@context":"https:\/\/schema.org\/","@type":"NewsArticle","@id":"https:\/\/www.radiotime.it\/2021\/05\/27\/radio-time-inaugura-la-terrazza-de-al-buon-gelato-di-capaci-foto\/#NewsArticle","mainEntityOfPage":"https:\/\/www.radiotime.it\/2021\/05\/27\/radio-time-inaugura-la-terrazza-de-al-buon-gelato-di-capaci-foto\/","headline":"Radio Time inaugura la terrazza de Al Buon Gelato di Capaci (foto)","name":"Radio Time inaugura la terrazza de Al Buon Gelato di Capaci (foto)","description":"Radio Time, con la sua regia mobile, \u00e8 pronta per raggiungervi ovunque voi siate e trascorrere i momenti pi\u00f9 belli insieme a voi, come \u00e8 successo ieri per l&#8217;inaugurazione della nuova terrazza aperta presso &#8220;Al Buon Gelato&#8221; di Capaci, in via Alberto Sordi 2! Sfogliate la gallery e tenetevi pronti per la prossima avventura in [&hellip;]","datePublished":"2021-05-27","dateModified":"2021-05-27","author":{"@type":"Person","@id":"https:\/\/www.radiotime.it\/author\/staff\/#Person","name":"staff","url":"https:\/\/www.radiotime.it\/author\/staff\/","identifier":8,"image":{"@type":"ImageObject","@id":"https:\/\/secure.gravatar.com\/avatar\/8f004fcfadece6f5f68f901a61253afb?s=96&d=mm&r=g","url":"https:\/\/secure.gravatar.com\/avatar\/8f004fcfadece6f5f68f901a61253afb?s=96&d=mm&r=g","height":96,"width":96}},"publisher":{"@type":"Organization","name":"RADIOTIME","logo":{"@type":"ImageObject","@id":"https:\/\/www.radiotime.it\/wp-content\/uploads\/2020\/02\/Logo_Time_1500-e1580898267395.png","url":"https:\/\/www.radiotime.it\/wp-content\/uploads\/2020\/02\/Logo_Time_1500-e1580898267395.png","width":600,"height":60}},"image":{"@type":"ImageObject","@id":"https:\/\/www.radiotime.it\/wp-content\/uploads\/2021\/05\/IMG_0317-scaled.jpg","url":"https:\/\/www.radiotime.it\/wp-content\/uploads\/2021\/05\/IMG_0317-scaled.jpg","height":1920,"width":2560},"url":"https:\/\/www.radiotime.it\/2021\/05\/27\/radio-time-inaugura-la-terrazza-de-al-buon-gelato-di-capaci-foto\/","about":["intrattenimento","News"],"wordCount":59,"keywords":["#food","al buon gelato","capaci","gelateria","gelato artigianale","sicilian food"],"articleBody":"Radio Time, con la sua regia mobile, \u00e8 pronta per raggiungervi ovunque voi siate e trascorrere i momenti pi\u00f9 belli insieme a voi, come \u00e8 successo ieri per l&#8217;inaugurazione della nuova terrazza aperta presso &#8220;Al Buon Gelato&#8221; di Capaci, in via Alberto Sordi 2!Sfogliate la gallery e tenetevi pronti per la prossima avventura in compagnia della nostra musica!    \t\t \t\t\t\t\t\t\t\t\t\t\t\t\t      \t\t\t\t      \t\t\t\t\t\t\t\t\t\t\t\t\t\t\t\t\t\t\t\t\t\t\t\t\t\t\t\t\t\t\t\t\t     \t\t\t\t      \t\t\t\t      \t\t\t\t\t\t\t\t\t\t\t\t\t\t\t\t\t\t\t\t\t\t\t\t\t\t\t\t\t\t\t\t\t     \t\t\t\t      \t\t\t\t      \t\t\t\t\t\t\t\t\t\t\t\t\t\t\t\t\t\t\t\t\t\t\t\t\t\t\t\t\t\t\t\t\t     \t\t\t\t      \t\t\t\t      \t\t\t\t\t\t\t\t\t\t\t\t\t\t\t\t\t\t\t\t\t\t\t\t\t\t\t\t\t\t\t\t\t     \t\t\t\t      \t\t\t\t      \t\t\t\t\t\t\t\t\t\t\t\t\t\t\t\t\t\t\t\t\t\t\t\t\t\t\t\t\t\t\t\t\t     \t\t\t\t      \t\t\t\t      \t\t\t\t\t\t\t\t\t\t\t\t\t\t\t\t\t\t\t\t\t\t\t\t\t\t\t\t\t\t\t\t\t     \t\t\t\t      \t\t\t\t      \t\t\t\t\t\t\t\t\t\t\t\t\t\t\t\t\t\t\t\t\t\t\t\t\t\t\t\t\t\t\t\t\t     \t\t\t\t      \t\t\t\t      \t\t\t\t\t\t\t\t\t\t\t\t\t\t\t\t\t\t\t\t\t\t\t\t\t\t\t\t\t\t\t\t\t     \t\t\t\t      \t\t\t\t      \t\t\t\t\t\t\t\t\t\t\t\t\t\t\t\t\t\t\t\t\t\t\t\t\t\t\t\t\t\t\t\t\t     \t\t\t\t      \t\t\t\t      \t\t\t\t\t\t\t\t\t\t\t\t\t\t\t\t\t\t\t\t\t\t\t\t\t\t\t\t\t\t\t\t\t     \t\t\t\t      \t\t\t\t      \t\t\t\t\t\t\t\t\t\t\t\t\t\t\t\t\t\t\t\t\t\t\t\t\t\t\t\t\t\t\t\t\t     \t\t\t\t      \t\t\t\t      \t\t\t\t\t\t\t\t\t\t\t\t\t\t\t\t\t\t\t\t\t\t\t\t\t\t\t\t\t\t\t\t\t     \t\t\t\t      \t\t\t\t      \t\t\t\t\t\t\t\t\t\t\t\t\t\t\t\t\t\t\t\t\t\t\t\t\t\t\t\t\t\t\t\t\t     \t\t\t\t      \t\t\t\t      \t\t\t\t\t\t\t\t\t\t\t\t\t\t\t\t\t\t\t\t\t\t\t\t\t\t\t\t\t\t\t\t\t     \t\t\t\t      \t\t\t\t      \t\t\t\t\t\t\t\t\t\t\t\t\t\t\t\t\t\t\t\t\t\t\t\t\t\t\t\t\t\t\t\t\t     \t\t\t\t      \t\t\t\t      \t\t\t\t\t\t\t\t\t\t\t\t\t\t\t\t\t\t\t\t\t\t\t\t\t\t\t\t\t\t\t\t\t     \t\t\t\t      \t\t\t\t      \t\t\t\t\t\t\t\t\t\t\t\t\t\t\t\t\t\t\t\t\t\t\t\t\t\t\t\t\t\t\t\t\t     \t\t\t\t\t\t"},{"@context":"https:\/\/schema.org\/","@type":"BreadcrumbList","itemListElement":[{"@type":"ListItem","position":1,"name":"2021","item":"https:\/\/www.radiotime.it\/2021\/#breadcrumbitem"},{"@type":"ListItem","position":2,"name":"05","item":"https:\/\/www.radiotime.it\/2021\/\/05\/#breadcrumbitem"},{"@type":"ListItem","position":3,"name":"27","item":"https:\/\/www.radiotime.it\/2021\/\/05\/\/27\/#breadcrumbitem"},{"@type":"ListItem","position":4,"name":"Radio Time inaugura la terrazza de Al Buon Gelato di Capaci (foto)","item":"https:\/\/www.radiotime.it\/2021\/05\/27\/radio-time-inaugura-la-terrazza-de-al-buon-gelato-di-capaci-foto\/#breadcrumbitem"}]}]