[{"@context":"https:\/\/schema.org\/","@type":"NewsArticle","@id":"https:\/\/www.radiotime.it\/2021\/05\/30\/figliuolo-via-libera-ai-vaccini-per-tutti\/#NewsArticle","mainEntityOfPage":"https:\/\/www.radiotime.it\/2021\/05\/30\/figliuolo-via-libera-ai-vaccini-per-tutti\/","headline":"Figliuolo: &#8220;Via libera ai vaccini per tutti&#8221;","name":"Figliuolo: &#8220;Via libera ai vaccini per tutti&#8221;","description":"Niente pi\u00f9 divisioni per et\u00e0 Dal 3 giugno salteranno le restrizioni per et\u00e0 della campagna vaccinale ed arriver\u00e0 il via libera ai vaccini per tutti. Lo ha dichiarato ieri il generale Figliuolo durante una sua visita in Umbria. Saranno i pi\u00f9 giovani i protagonisti di questo nuovo step della campagna vaccinale italiana. Ci si potr\u00e0 [&hellip;]","datePublished":"2021-05-30","dateModified":"2021-05-30","author":{"@type":"Person","@id":"https:\/\/www.radiotime.it\/author\/massimo-pisciotta\/#Person","name":"Massimo Pisciotta","url":"https:\/\/www.radiotime.it\/author\/massimo-pisciotta\/","identifier":7,"image":{"@type":"ImageObject","@id":"https:\/\/secure.gravatar.com\/avatar\/f72601718119ceb7fdac114c64228e01?s=96&d=mm&r=g","url":"https:\/\/secure.gravatar.com\/avatar\/f72601718119ceb7fdac114c64228e01?s=96&d=mm&r=g","height":96,"width":96}},"publisher":{"@type":"Organization","name":"RADIOTIME","logo":{"@type":"ImageObject","@id":"https:\/\/www.radiotime.it\/wp-content\/uploads\/2020\/02\/Logo_Time_1500-e1580898267395.png","url":"https:\/\/www.radiotime.it\/wp-content\/uploads\/2020\/02\/Logo_Time_1500-e1580898267395.png","width":600,"height":60}},"image":{"@type":"ImageObject","@id":"https:\/\/www.radiotime.it\/wp-content\/uploads\/2021\/05\/siringhe-siringa-covid-vaccino.jpg","url":"https:\/\/www.radiotime.it\/wp-content\/uploads\/2021\/05\/siringhe-siringa-covid-vaccino.jpg","height":639,"width":1200},"url":"https:\/\/www.radiotime.it\/2021\/05\/30\/figliuolo-via-libera-ai-vaccini-per-tutti\/","about":["Cronaca","News"],"wordCount":238,"keywords":["#italia","#vaccini","campagna vaccinale","figliuolo","pfizer","scuola"],"articleBody":"Niente pi\u00f9 divisioni per et\u00e0Dal 3 giugno salteranno le restrizioni per et\u00e0 della campagna vaccinale ed arriver\u00e0 il via libera ai vaccini per tutti. Lo ha dichiarato ieri il generale Figliuolo durante una sua visita in Umbria. Saranno i pi\u00f9 giovani i protagonisti di questo nuovo step della campagna vaccinale italiana. Ci si potr\u00e0 vaccinare a partire dai 12 anni. A gestire le operazioni, come sempre, saranno le regioni con il sistema di hub gi\u00e0 collaudato in tutto il paese. Per i ragazzi sar\u00e0 prevista la somministrazione del vaccino Pfizer. Si attende soltanto il via libera da parte dell&#8217;Aifa che dovrebbe arrivare gi\u00e0 domani. Si \u00e8 gi\u00e0 espressa in maniera positiva in tal senso l&#8217;Agenzia Europea del farmaco.leggi anche: Astrazeneca esaurito al padignlione 20 della FieraScuola pi\u00f9 sicura a settembreStando alle parole del generale Figliuolo, il via libera ai vaccini per tutti riuscirebbe a chiudere il cerchio della campagna vaccinale italiana. L&#8217;obiettivo in questo caso \u00e8 somministrare il vaccino anti-covid ad oltre 2 milioni e 300 mila giovanissimi. In questa maniera sar\u00e0 pi\u00f9 facile pensare con serenit\u00e0 alla riapertura delle scuole a settembre. La notizia \u00e8 stata accolta con estrema positivit\u00e0 anche dal ministro della Salute Speranza: &#8220;Si tratta di una novit\u00e0 fantastica proprio in virt\u00f9 della riapertura delle scuole a settembre &#8211; ha precisato il Ministro &#8211; bisogna garantire la massima copertura per tutti i ragazzi in et\u00e0 scolare per pensare alla prossima stagione con assoluta serenit\u00e0&#8221;."},{"@context":"https:\/\/schema.org\/","@type":"BreadcrumbList","itemListElement":[{"@type":"ListItem","position":1,"name":"2021","item":"https:\/\/www.radiotime.it\/2021\/#breadcrumbitem"},{"@type":"ListItem","position":2,"name":"05","item":"https:\/\/www.radiotime.it\/2021\/\/05\/#breadcrumbitem"},{"@type":"ListItem","position":3,"name":"30","item":"https:\/\/www.radiotime.it\/2021\/\/05\/\/30\/#breadcrumbitem"},{"@type":"ListItem","position":4,"name":"Figliuolo: &#8220;Via libera ai vaccini per tutti&#8221;","item":"https:\/\/www.radiotime.it\/2021\/05\/30\/figliuolo-via-libera-ai-vaccini-per-tutti\/#breadcrumbitem"}]}]