[{"@context":"https:\/\/schema.org\/","@type":"NewsArticle","@id":"https:\/\/www.radiotime.it\/2021\/06\/09\/apre-a-milano-il-bar-di-chiara-ferragni\/#NewsArticle","mainEntityOfPage":"https:\/\/www.radiotime.it\/2021\/06\/09\/apre-a-milano-il-bar-di-chiara-ferragni\/","headline":"Apre a Milano il Bar di Chiara Ferragni","name":"Apre a Milano il Bar di Chiara Ferragni","description":"Aprir\u00e0 le porte domani, 10 giugno, il nuovo bar di Chiara Ferragni. L&#8217;inarrestabile influencer amatissima e invidiatissima, annuncia sui social l&#8217;apertura della sua caffetteria temporanea, un&#8217;iniziativa realizzata insieme ad una nota azienda produttrice di caff\u00e8. Sar\u00e0 un bar a tutti gli effetti, per la colazione, per il caffe e il cappuccino, ma si potr\u00e0 anche [&hellip;]","datePublished":"2021-06-09","dateModified":"2021-06-09","author":{"@type":"Person","@id":"https:\/\/www.radiotime.it\/author\/staff\/#Person","name":"staff","url":"https:\/\/www.radiotime.it\/author\/staff\/","identifier":8,"image":{"@type":"ImageObject","@id":"https:\/\/secure.gravatar.com\/avatar\/8f004fcfadece6f5f68f901a61253afb?s=96&d=mm&r=g","url":"https:\/\/secure.gravatar.com\/avatar\/8f004fcfadece6f5f68f901a61253afb?s=96&d=mm&r=g","height":96,"width":96}},"publisher":{"@type":"Organization","name":"RADIOTIME","logo":{"@type":"ImageObject","@id":"https:\/\/www.radiotime.it\/wp-content\/uploads\/2020\/02\/Logo_Time_1500-e1580898267395.png","url":"https:\/\/www.radiotime.it\/wp-content\/uploads\/2020\/02\/Logo_Time_1500-e1580898267395.png","width":600,"height":60}},"image":{"@type":"ImageObject","@id":"https:\/\/www.radiotime.it\/wp-content\/uploads\/2021\/06\/ferragni-2-e1623260802577.jpg","url":"https:\/\/www.radiotime.it\/wp-content\/uploads\/2021\/06\/ferragni-2-e1623260802577.jpg","height":600,"width":1540},"url":"https:\/\/www.radiotime.it\/2021\/06\/09\/apre-a-milano-il-bar-di-chiara-ferragni\/","about":["I Fatti Del Giorno","News"],"wordCount":195,"keywords":["Ferragni","Milano","Temporary Bar"],"articleBody":"Aprir\u00e0 le porte domani, 10 giugno, il nuovo bar di Chiara Ferragni. L&#8217;inarrestabile influencer amatissima e invidiatissima, annuncia sui social l&#8217;apertura della sua caffetteria temporanea, un&#8217;iniziativa realizzata insieme ad una nota azienda produttrice di caff\u00e8. Sar\u00e0 un bar a tutti gli effetti, per la colazione, per il caffe e il cappuccino, ma si potr\u00e0 anche pranzare e cenare. C&#8217;\u00e8 gi\u00e0 chi si preoccupa di quali possano essere i tempi di attesa prima di poter &#8220;gustare&#8221; un normalissimo caff\u00e8 che, per\u00f2, comprato dalla &#8220;Ferragni&#8221; potrebbe avere tutto un altro sapore. I fan sembrano gi\u00e0 scatenatissimi, anche quelli stranieri, e gi\u00e0 qualcuno programma una gita in Italia solo per prendere un caff\u00e8. Per dovere di cronaca va sottolineato che si tratta di un &#8220;temporary\u00a0bar&#8221;, e che quindi non avr\u00e0 lunga vita, infatti questa iniziativa durer\u00e0 fino al prossimo 18 luglio. Se anche voi volete provare l&#8217;ebbrezza di bere un normale caff\u00e8, ma dal gusto &#8220;ferragnoso&#8221; &#8211; visto che l&#8217;influencer ha creato una ricetta tutta sua &#8211; dovrete affrettarvi, per raggiungerlo dovrete arrivare in piazza del Carmine 1 a Milano, a due passi dal Duomo. Lo riconoscerete dai colori in stile Ferragni e dall&#8217;immancabile occhio."},{"@context":"https:\/\/schema.org\/","@type":"BreadcrumbList","itemListElement":[{"@type":"ListItem","position":1,"name":"2021","item":"https:\/\/www.radiotime.it\/2021\/#breadcrumbitem"},{"@type":"ListItem","position":2,"name":"06","item":"https:\/\/www.radiotime.it\/2021\/\/06\/#breadcrumbitem"},{"@type":"ListItem","position":3,"name":"09","item":"https:\/\/www.radiotime.it\/2021\/\/06\/\/09\/#breadcrumbitem"},{"@type":"ListItem","position":4,"name":"Apre a Milano il Bar di Chiara Ferragni","item":"https:\/\/www.radiotime.it\/2021\/06\/09\/apre-a-milano-il-bar-di-chiara-ferragni\/#breadcrumbitem"}]}]