[{"@context":"https:\/\/schema.org\/","@type":"NewsArticle","@id":"https:\/\/www.radiotime.it\/2021\/07\/02\/time-square-anche-i-maneskin-sbarcano-a-new-york\/#NewsArticle","mainEntityOfPage":"https:\/\/www.radiotime.it\/2021\/07\/02\/time-square-anche-i-maneskin-sbarcano-a-new-york\/","headline":"Time Square, anche i Maneskin sbarcano a New York","name":"Time Square, anche i Maneskin sbarcano a New York","description":"Time Square, oggi, dal nulla si \u00e8 svegliata con lo sguardo di Damiano, Vic, Thomas e Ethan puntato addosso. Dopo Madame e Levante, infatti, anche i Maneskin sbarcano sui banner pubblicitari di New York a Time Square. La differenza, per\u00f2, \u00e8 che loro lo fanno da assoluti protagonisti con la loro musica e la loro [&hellip;]","datePublished":"2021-07-02","dateModified":"2021-07-02","author":{"@type":"Person","@id":"https:\/\/www.radiotime.it\/author\/staff\/#Person","name":"staff","url":"https:\/\/www.radiotime.it\/author\/staff\/","identifier":8,"image":{"@type":"ImageObject","@id":"https:\/\/secure.gravatar.com\/avatar\/8f004fcfadece6f5f68f901a61253afb?s=96&d=mm&r=g","url":"https:\/\/secure.gravatar.com\/avatar\/8f004fcfadece6f5f68f901a61253afb?s=96&d=mm&r=g","height":96,"width":96}},"publisher":{"@type":"Organization","name":"RADIOTIME","logo":{"@type":"ImageObject","@id":"https:\/\/www.radiotime.it\/wp-content\/uploads\/2020\/02\/Logo_Time_1500-e1580898267395.png","url":"https:\/\/www.radiotime.it\/wp-content\/uploads\/2020\/02\/Logo_Time_1500-e1580898267395.png","width":600,"height":60}},"image":{"@type":"ImageObject","@id":"https:\/\/www.radiotime.it\/wp-content\/uploads\/2021\/05\/maneskin-scaled.jpeg","url":"https:\/\/www.radiotime.it\/wp-content\/uploads\/2021\/05\/maneskin-scaled.jpeg","height":1673,"width":2560},"url":"https:\/\/www.radiotime.it\/2021\/07\/02\/time-square-anche-i-maneskin-sbarcano-a-new-york\/","about":["musica","News"],"wordCount":189,"keywords":["#maneskin","damiano","ethan","new york","thomas raggi","time square","vic de angelis"],"articleBody":"Time Square, oggi, dal nulla si \u00e8 svegliata con lo sguardo di Damiano, Vic, Thomas e Ethan puntato addosso.Dopo Madame e Levante, infatti, anche i Maneskin sbarcano sui banner pubblicitari di New York a Time Square. La differenza, per\u00f2, \u00e8 che loro lo fanno da assoluti protagonisti con la loro musica e la loro storia recente fatta di grandi successi.Sia Francesca (Madame) che Claudia (Levante), infatti, erano finite sullo stesso banner verticale ma all&#8217;interno di un progetto pi\u00f9 ampio che comprendeva anche altri artisti. Nel caso dei Maneskin, come detto, il messaggio \u00e8 forte e chiaro: sono unici e inimitabili.&nbsp;Visualizza questo post su Instagram&nbsp;Un post condiviso da Ma\u030aneskin (@maneskinofficial)Il perch\u00e9 di questa cosa \u00e8 presto detto: i Maneskin sono da giorni al n.2 nella classifica dei brani pi\u00f9 ascoltati in tutto il Mondo con una loro vecchia cover, &#8216;Beggin&#8217;, presentata a X Factor nel 2017 quando nulla di tutto questo era lontanamente immaginabile.Adesso, invece, arriva questo nuovo grande risultato per i quattro ragazzi che, ormai definitivamente, sono a tutti gli effetti quattro rockstar mondiali. Se n&#8217;\u00e8 accorta anche Time Square"},{"@context":"https:\/\/schema.org\/","@type":"BreadcrumbList","itemListElement":[{"@type":"ListItem","position":1,"name":"2021","item":"https:\/\/www.radiotime.it\/2021\/#breadcrumbitem"},{"@type":"ListItem","position":2,"name":"07","item":"https:\/\/www.radiotime.it\/2021\/\/07\/#breadcrumbitem"},{"@type":"ListItem","position":3,"name":"02","item":"https:\/\/www.radiotime.it\/2021\/\/07\/\/02\/#breadcrumbitem"},{"@type":"ListItem","position":4,"name":"Time Square, anche i Maneskin sbarcano a New York","item":"https:\/\/www.radiotime.it\/2021\/07\/02\/time-square-anche-i-maneskin-sbarcano-a-new-york\/#breadcrumbitem"}]}]