[{"@context":"https:\/\/schema.org\/","@type":"NewsArticle","@id":"https:\/\/www.radiotime.it\/2021\/07\/05\/il-6-luglio-il-viaggio-inaugurale-del-nuovo-traghetto-mazara-pantelleria\/#NewsArticle","mainEntityOfPage":"https:\/\/www.radiotime.it\/2021\/07\/05\/il-6-luglio-il-viaggio-inaugurale-del-nuovo-traghetto-mazara-pantelleria\/","headline":"Il 6 luglio il viaggio inaugurale del nuovo traghetto Mazara-Pantelleria","name":"Il 6 luglio il viaggio inaugurale del nuovo traghetto Mazara-Pantelleria","description":"Si svolger\u00e0 domani, marted\u00ec 6 luglio, con partenza alle ore 11.30, il viaggio inaugurale del nuovo traghetto Mazara del Vallo&#8211;Pantelleria. &nbsp; Parteciperanno all&#8217;inaugurazione il presidente della Regione Siciliana, Nello Musumeci, l&#8217;assessore regionale alle Infrastrutture, Marco Falcone, l&#8217;assessore regionale all&#8217;Agricoltura, Toni Scilla, il presidente dell&#8217;Assemblea regionale siciliana, Gianfranco Miccich\u00e9, il sindaco di Mazara del Vallo, Salvatore [&hellip;]","datePublished":"2021-07-05","dateModified":"2021-07-05","author":{"@type":"Person","@id":"https:\/\/www.radiotime.it\/author\/staff\/#Person","name":"staff","url":"https:\/\/www.radiotime.it\/author\/staff\/","identifier":8,"image":{"@type":"ImageObject","@id":"https:\/\/secure.gravatar.com\/avatar\/8f004fcfadece6f5f68f901a61253afb?s=96&d=mm&r=g","url":"https:\/\/secure.gravatar.com\/avatar\/8f004fcfadece6f5f68f901a61253afb?s=96&d=mm&r=g","height":96,"width":96}},"publisher":{"@type":"Organization","name":"RADIOTIME","logo":{"@type":"ImageObject","@id":"https:\/\/www.radiotime.it\/wp-content\/uploads\/2020\/02\/Logo_Time_1500-e1580898267395.png","url":"https:\/\/www.radiotime.it\/wp-content\/uploads\/2020\/02\/Logo_Time_1500-e1580898267395.png","width":600,"height":60}},"image":{"@type":"ImageObject","@id":"https:\/\/www.radiotime.it\/wp-content\/uploads\/2021\/07\/Traghetto_Caronte__Tourist-scaled.jpg","url":"https:\/\/www.radiotime.it\/wp-content\/uploads\/2021\/07\/Traghetto_Caronte__Tourist-scaled.jpg","height":1439,"width":2560},"url":"https:\/\/www.radiotime.it\/2021\/07\/05\/il-6-luglio-il-viaggio-inaugurale-del-nuovo-traghetto-mazara-pantelleria\/","about":["Cronaca","News"],"wordCount":126,"keywords":["inaugurazione","Mazara del Vallo","Pantelleria","Traghetto","tratta"],"articleBody":"Si svolger\u00e0 domani, marted\u00ec 6 luglio, con partenza alle ore 11.30, il viaggio inaugurale del nuovo traghetto Mazara del Vallo&#8211;Pantelleria.&nbsp;Parteciperanno all&#8217;inaugurazione il presidente della Regione Siciliana, Nello Musumeci, l&#8217;assessore regionale alle Infrastrutture, Marco Falcone, l&#8217;assessore regionale all&#8217;Agricoltura, Toni Scilla, il presidente dell&#8217;Assemblea regionale siciliana, Gianfranco Miccich\u00e9, il sindaco di Mazara del Vallo, Salvatore Quinci, l&#8217;amministratore delegato del Gruppo Caronte&amp;Tourist, Vincenzo Franza, parlamentari e sindaci del Trapanese. Il servizio di linea, ripristinato dal governo Musumeci dopo circa venti anni, sar\u00e0 effettuato da Caronte&amp;Tourist, gestore dei trasporti pubblici marittimi verso le Isole minori, e affiancher\u00e0 i collegamenti Trapani-Pantelleria.La nave salper\u00e0 dalla banchina Mokarta del porto di Mazara del Vallo, rimodernata e attrezzata dal Dipartimento regionale Infrastrutture."},{"@context":"https:\/\/schema.org\/","@type":"BreadcrumbList","itemListElement":[{"@type":"ListItem","position":1,"name":"2021","item":"https:\/\/www.radiotime.it\/2021\/#breadcrumbitem"},{"@type":"ListItem","position":2,"name":"07","item":"https:\/\/www.radiotime.it\/2021\/\/07\/#breadcrumbitem"},{"@type":"ListItem","position":3,"name":"05","item":"https:\/\/www.radiotime.it\/2021\/\/07\/\/05\/#breadcrumbitem"},{"@type":"ListItem","position":4,"name":"Il 6 luglio il viaggio inaugurale del nuovo traghetto Mazara-Pantelleria","item":"https:\/\/www.radiotime.it\/2021\/07\/05\/il-6-luglio-il-viaggio-inaugurale-del-nuovo-traghetto-mazara-pantelleria\/#breadcrumbitem"}]}]