[{"@context":"https:\/\/schema.org\/","@type":"NewsArticle","@id":"https:\/\/www.radiotime.it\/2021\/07\/15\/festino-le-reliquie-della-santuzza-in-elicottero-su-palermo\/#NewsArticle","mainEntityOfPage":"https:\/\/www.radiotime.it\/2021\/07\/15\/festino-le-reliquie-della-santuzza-in-elicottero-su-palermo\/","headline":"Festino, le reliquie della Santuzza in elicottero su Palermo","name":"Festino, le reliquie della Santuzza in elicottero su Palermo","description":"La Santuzza, causa Covid, non potr\u00e0 sfilare come di consueto per le strade di Palermo ma sorvoler\u00e0 la citt\u00e0 in elicottero. Oggi, alle 17:30, l&#8217;Arcivescovo e il Sindaco di Palermo a bordo di un elicottero sorvoleranno la citt\u00e0 con la reliquia di Santa Rosalia. Un metodo sui generis (causa pandemia) per non rinunciare per\u00f2 agli [&hellip;]","datePublished":"2021-07-15","dateModified":"2022-07-09","author":{"@type":"Person","@id":"https:\/\/www.radiotime.it\/author\/staff\/#Person","name":"staff","url":"https:\/\/www.radiotime.it\/author\/staff\/","identifier":8,"image":{"@type":"ImageObject","@id":"https:\/\/secure.gravatar.com\/avatar\/8f004fcfadece6f5f68f901a61253afb?s=96&d=mm&r=g","url":"https:\/\/secure.gravatar.com\/avatar\/8f004fcfadece6f5f68f901a61253afb?s=96&d=mm&r=g","height":96,"width":96}},"publisher":{"@type":"Organization","name":"RADIOTIME","logo":{"@type":"ImageObject","@id":"https:\/\/www.radiotime.it\/wp-content\/uploads\/2020\/02\/Logo_Time_1500-e1580898267395.png","url":"https:\/\/www.radiotime.it\/wp-content\/uploads\/2020\/02\/Logo_Time_1500-e1580898267395.png","width":600,"height":60}},"image":{"@type":"ImageObject","@id":"https:\/\/www.radiotime.it\/wp-content\/uploads\/2020\/01\/Logo_Time_140.png","url":"https:\/\/www.radiotime.it\/wp-content\/uploads\/2020\/01\/Logo_Time_140.png","width":100,"height":100},"url":"https:\/\/www.radiotime.it\/2021\/07\/15\/festino-le-reliquie-della-santuzza-in-elicottero-su-palermo\/","about":["Eventi","News"],"wordCount":233,"keywords":["festino","Palermo","santarosalia"],"articleBody":"La Santuzza, causa Covid, non potr\u00e0 sfilare come di consueto per le strade di Palermo ma sorvoler\u00e0 la citt\u00e0 in elicottero.Oggi, alle 17:30, l&#8217;Arcivescovo e il Sindaco di Palermo a bordo di un elicottero sorvoleranno la citt\u00e0 con la reliquia di Santa Rosalia. Un metodo sui generis (causa pandemia) per non rinunciare per\u00f2 agli storici festeggiamenti in onore della Santa protettrice di Palermo e alla benedizione dei palermitani. &#8220;Rosalia quest\u2019anno sar\u00e0 ancor pi\u00f9 con noi, ci far\u00e0 alzare lo sguardo verso l\u2019alto da dove ci visiter\u00e0 assumendo ancora il nostro dramma pandemico e sociale ma riconsegnandoci un forte e inderogabile messaggio di solidariet\u00e0 e di speranza \u2013 ha sottolineato l\u2019arcivescovo di Palermo \u2013 il 15 luglio pomeriggio, prima della solenne celebrazione eucaristica, un elicottero messo lodevolmente a disposizione dall\u2019esercito, sorvoler\u00e0 la nostra citt\u00e0 con un artistico reliquiario della nostra Santuzza\u201d. Cos\u00ec l\u2019arcivescovo Corrado Lorefice nel corso della presentazione del 397\u00b0 Festino di Santa Rosalia, al salone Filangeri del Palazzo Arcivescovile.Quindi, tutti con gli occhi al cielo per rivivere le emozioni del Festino che speriamo possa tornare prima possibile con le consuete e magiche modalit\u00e0. Ricordiamo, inoltre, alle 19 di oggi. l&#8217;appuntamento attesissimo della S. Messa Pontificale sul sagrato della Cattedrale: alla presenza delle reliquie di S. Rosalia custodite nell\u2019Urna argentea.La Cattedrale rimarr\u00e0 aperta per la venerazione personale delle reliquie di S. Rosalia sino alle ore 23."},{"@context":"https:\/\/schema.org\/","@type":"BreadcrumbList","itemListElement":[{"@type":"ListItem","position":1,"name":"2021","item":"https:\/\/www.radiotime.it\/2021\/#breadcrumbitem"},{"@type":"ListItem","position":2,"name":"07","item":"https:\/\/www.radiotime.it\/2021\/\/07\/#breadcrumbitem"},{"@type":"ListItem","position":3,"name":"15","item":"https:\/\/www.radiotime.it\/2021\/\/07\/\/15\/#breadcrumbitem"},{"@type":"ListItem","position":4,"name":"Festino, le reliquie della Santuzza in elicottero su Palermo","item":"https:\/\/www.radiotime.it\/2021\/07\/15\/festino-le-reliquie-della-santuzza-in-elicottero-su-palermo\/#breadcrumbitem"}]}]