[{"@context":"https:\/\/schema.org\/","@type":"NewsArticle","@id":"https:\/\/www.radiotime.it\/2021\/07\/20\/mafia-ed-emergenza-sepolture-orlando-comune-di-palermo-parte-civile\/#NewsArticle","mainEntityOfPage":"https:\/\/www.radiotime.it\/2021\/07\/20\/mafia-ed-emergenza-sepolture-orlando-comune-di-palermo-parte-civile\/","headline":"Mafia ed emergenza sepolture, Orlando: &#8220;Comune di Palermo parte civile&#8221;","name":"Mafia ed emergenza sepolture, Orlando: &#8220;Comune di Palermo parte civile&#8221;","description":"Lo &#8220;zampino&#8221; della mafia sarebbe anche sull&#8217;emergenza sepolture. Il sindaco di Palermo: &#8220;No a nuovi cimiteri privati in citt\u00e0&#8221;. Da molti mesi, la citt\u00e0 di Palermo \u00e8 in piena emergenza sepolture. Innumerevoli le bare in attesa di tumulazione tra la rabbia e lo sdegno dei cari addolorati. Come \u00e8 emerso dalle indagini che hanno portato [&hellip;]","datePublished":"2021-07-20","dateModified":"2021-07-20","author":{"@type":"Person","@id":"https:\/\/www.radiotime.it\/author\/staff\/#Person","name":"staff","url":"https:\/\/www.radiotime.it\/author\/staff\/","identifier":8,"image":{"@type":"ImageObject","@id":"https:\/\/secure.gravatar.com\/avatar\/8f004fcfadece6f5f68f901a61253afb?s=96&d=mm&r=g","url":"https:\/\/secure.gravatar.com\/avatar\/8f004fcfadece6f5f68f901a61253afb?s=96&d=mm&r=g","height":96,"width":96}},"publisher":{"@type":"Organization","name":"RADIOTIME","logo":{"@type":"ImageObject","@id":"https:\/\/www.radiotime.it\/wp-content\/uploads\/2020\/02\/Logo_Time_1500-e1580898267395.png","url":"https:\/\/www.radiotime.it\/wp-content\/uploads\/2020\/02\/Logo_Time_1500-e1580898267395.png","width":600,"height":60}},"image":{"@type":"ImageObject","@id":"https:\/\/www.radiotime.it\/wp-content\/uploads\/2021\/07\/cimiteriii.jpg","url":"https:\/\/www.radiotime.it\/wp-content\/uploads\/2021\/07\/cimiteriii.jpg","height":777,"width":1600},"url":"https:\/\/www.radiotime.it\/2021\/07\/20\/mafia-ed-emergenza-sepolture-orlando-comune-di-palermo-parte-civile\/","about":["Cronaca","News"],"wordCount":175,"keywords":["#blitz","#emergenzacimiteri","#mafia","#sepolture","orlando","Palermo"],"articleBody":"Lo &#8220;zampino&#8221; della mafia sarebbe anche sull&#8217;emergenza sepolture. Il sindaco di Palermo: &#8220;No a nuovi cimiteri privati in citt\u00e0&#8221;.Da molti mesi, la citt\u00e0 di Palermo \u00e8 in piena emergenza sepolture. Innumerevoli le bare in attesa di tumulazione tra la rabbia e lo sdegno dei cari addolorati. Come \u00e8 emerso dalle indagini che hanno portato al blitz di oggi, la mafia del mandamento di Ciaculli aveva l&#8217;obiettivo di costruire nuovi cimiteri privati.&#8220;L\u2019amministrazione comunale &#8211; ha commentato il primo cittadino &#8211; ha sempre sostenuto con forza\u00a0 la propria scelta politica di non consentire la creazione di nuovi cimiteri privati in citt\u00e0. Che, appunto, sembrerebbero essere obiettivi dell\u2019organizzazione criminale. Il comune di Palermo si costituir\u00e0 parte civile\u201d. Per il Sindaco di Palermo, l\u2019operazione che stamane ha portato al fermo di 16 persone per associazione di tipo mafioso ed estorsione aggravata dal metodo mafioso \u201c\u00e8 la conferma che la mafia non governa pi\u00f9 la citt\u00e0 e che le forze dell\u2019ordine sono sempre pronte a intervenire ogniqualvolta Cosa nostra prova a rialzare la testa\u201d."},{"@context":"https:\/\/schema.org\/","@type":"BreadcrumbList","itemListElement":[{"@type":"ListItem","position":1,"name":"2021","item":"https:\/\/www.radiotime.it\/2021\/#breadcrumbitem"},{"@type":"ListItem","position":2,"name":"07","item":"https:\/\/www.radiotime.it\/2021\/\/07\/#breadcrumbitem"},{"@type":"ListItem","position":3,"name":"20","item":"https:\/\/www.radiotime.it\/2021\/\/07\/\/20\/#breadcrumbitem"},{"@type":"ListItem","position":4,"name":"Mafia ed emergenza sepolture, Orlando: &#8220;Comune di Palermo parte civile&#8221;","item":"https:\/\/www.radiotime.it\/2021\/07\/20\/mafia-ed-emergenza-sepolture-orlando-comune-di-palermo-parte-civile\/#breadcrumbitem"}]}]