[{"@context":"https:\/\/schema.org\/","@type":"NewsArticle","@id":"https:\/\/www.radiotime.it\/2021\/08\/31\/lady-d-24-anni-dalla-scomparsa-principessa-del-popolo\/#NewsArticle","mainEntityOfPage":"https:\/\/www.radiotime.it\/2021\/08\/31\/lady-d-24-anni-dalla-scomparsa-principessa-del-popolo\/","headline":"Lady D, 24 anni dalla scomparsa della &#8220;principessa del popolo&#8221;","name":"Lady D, 24 anni dalla scomparsa della &#8220;principessa del popolo&#8221;","description":"A 24 anni dalla sua prematura e tragica scomparsa il popolo inglese e il mondo intero ricordano Lady D. &nbsp; Il 31 agosto 1997 il mondo perdeva una donna dall\u2019eleganza, bont\u00e0 e bellezza ineguagliabili conosciuta come \u201cla Principessa del popolo\u201d. Lady Diana lasci\u00f2 anche due figli, i principi William ed Harry, che non perdono occasione [&hellip;]","datePublished":"2021-08-31","dateModified":"2021-08-31","author":{"@type":"Person","@id":"https:\/\/www.radiotime.it\/author\/staff\/#Person","name":"staff","url":"https:\/\/www.radiotime.it\/author\/staff\/","identifier":8,"image":{"@type":"ImageObject","@id":"https:\/\/secure.gravatar.com\/avatar\/8f004fcfadece6f5f68f901a61253afb?s=96&d=mm&r=g","url":"https:\/\/secure.gravatar.com\/avatar\/8f004fcfadece6f5f68f901a61253afb?s=96&d=mm&r=g","height":96,"width":96}},"publisher":{"@type":"Organization","name":"RADIOTIME","logo":{"@type":"ImageObject","@id":"https:\/\/www.radiotime.it\/wp-content\/uploads\/2020\/02\/Logo_Time_1500-e1580898267395.png","url":"https:\/\/www.radiotime.it\/wp-content\/uploads\/2020\/02\/Logo_Time_1500-e1580898267395.png","width":600,"height":60}},"image":{"@type":"ImageObject","@id":"https:\/\/www.radiotime.it\/wp-content\/uploads\/2021\/08\/lady_Diana.jpg","url":"https:\/\/www.radiotime.it\/wp-content\/uploads\/2021\/08\/lady_Diana.jpg","height":508,"width":873},"url":"https:\/\/www.radiotime.it\/2021\/08\/31\/lady-d-24-anni-dalla-scomparsa-principessa-del-popolo\/","about":["Cronaca","News"],"wordCount":265,"keywords":["anniversario","Lady d","Lady diana","principessa del popolo"],"articleBody":"A 24 anni dalla sua prematura e tragica scomparsa il popolo inglese e il mondo intero ricordano Lady D.&nbsp;Il 31 agosto 1997 il mondo perdeva una donna dall\u2019eleganza, bont\u00e0 e bellezza ineguagliabili conosciuta come \u201cla Principessa del popolo\u201d. Lady Diana lasci\u00f2 anche due figli, i principi William ed Harry, che non perdono occasione di ricordarla ogni momento e che all\u2019epoca avevano 15 e 12 anni.In quella notte tragica, nell\u2019incidente stradale avvenuto nel tunnel dell&#8217;Alma a Parigi, persero la vita anche Dodi Al-Fayed, compagno all\u2019epoca di Lady Diana, e l&#8217;autista Henri Paul. La guardia del corpo di Dodi, Trevor Rees-Jones, seduto nel sedile anteriore e unico ad avere la cintura di sicurezza, sopravvisse.&nbsp;Sulla breve, ma tormentata vita di Lady D sono stati scritti libri, sono stati girati film e serie tv e tuttora viene raccontata. La separazione dal Principe Carlo la mise ancor pi\u00f9 sotto i riflettori.&nbsp;La sua eleganza, gentilezza e bellezza vengono ricordati tuttora e la sua importanza fu tale che nonostante non facesse pi\u00f9 parte della Famiglia Reale, data l\u2019improvvisa e inaspettata reazione del popolo inglese, disorientato e in lacrime per la perdita dell&#8217;amata principessa, vennero eseguite le pubbliche esequie.&nbsp;A 24 anni dalla sua scomparsa, Lady D viene ricordata anche per le numerosissime opere di beneficienza svolte in giro per il mondo e che la vedevano sempre vicina ai pi\u00f9 deboli e ai pi\u00f9 sfortunati.&nbsp;Nonostante gli anni passino, lei resta eterna e nel cuore di chi ha avuto la possibilit\u00e0 di conoscerla in vita.&nbsp;RESTA AGGIORNATO SU RADIOTIME.IT"},{"@context":"https:\/\/schema.org\/","@type":"BreadcrumbList","itemListElement":[{"@type":"ListItem","position":1,"name":"2021","item":"https:\/\/www.radiotime.it\/2021\/#breadcrumbitem"},{"@type":"ListItem","position":2,"name":"08","item":"https:\/\/www.radiotime.it\/2021\/\/08\/#breadcrumbitem"},{"@type":"ListItem","position":3,"name":"31","item":"https:\/\/www.radiotime.it\/2021\/\/08\/\/31\/#breadcrumbitem"},{"@type":"ListItem","position":4,"name":"Lady D, 24 anni dalla scomparsa della &#8220;principessa del popolo&#8221;","item":"https:\/\/www.radiotime.it\/2021\/08\/31\/lady-d-24-anni-dalla-scomparsa-principessa-del-popolo\/#breadcrumbitem"}]}]