[{"@context":"https:\/\/schema.org\/","@type":"NewsArticle","@id":"https:\/\/www.radiotime.it\/2021\/12\/09\/semaforo-rosso-mercoledi-brancato-film\/#NewsArticle","mainEntityOfPage":"https:\/\/www.radiotime.it\/2021\/12\/09\/semaforo-rosso-mercoledi-brancato-film\/","headline":"\u2018\u2019Semaforo Rosso\u2019\u2019: mercoled\u00ec 22 dicembre la presentazione del film di Guglielmo Brancato","name":"\u2018\u2019Semaforo Rosso\u2019\u2019: mercoled\u00ec 22 dicembre la presentazione del film di Guglielmo Brancato","description":"Mercoled\u00ec 22 dicembre in anteprima, presso il cinema Rouge et noir di Palermo, la presentazione di \u2018\u2019Semaforo Rosso\u2019\u2019, il primo lungometraggio del giovane regista Guglielmo Brancato. Un film nato grazie alla raccolta fondi svolta da ArteAtelier, per volont\u00e0 di Alessio Calestani, e alla profonda dedizione e creativit\u00e0 dei ragazzi che lo hanno prodotto. Il set [&hellip;]","datePublished":"2021-12-09","dateModified":"2021-12-09","author":{"@type":"Person","@id":"https:\/\/www.radiotime.it\/author\/staff\/#Person","name":"staff","url":"https:\/\/www.radiotime.it\/author\/staff\/","identifier":8,"image":{"@type":"ImageObject","@id":"https:\/\/secure.gravatar.com\/avatar\/8f004fcfadece6f5f68f901a61253afb?s=96&d=mm&r=g","url":"https:\/\/secure.gravatar.com\/avatar\/8f004fcfadece6f5f68f901a61253afb?s=96&d=mm&r=g","height":96,"width":96}},"publisher":{"@type":"Organization","name":"RADIOTIME","logo":{"@type":"ImageObject","@id":"https:\/\/www.radiotime.it\/wp-content\/uploads\/2020\/02\/Logo_Time_1500-e1580898267395.png","url":"https:\/\/www.radiotime.it\/wp-content\/uploads\/2020\/02\/Logo_Time_1500-e1580898267395.png","width":600,"height":60}},"image":{"@type":"ImageObject","@id":"https:\/\/www.radiotime.it\/wp-content\/uploads\/2021\/12\/WhatsApp-Image-2021-12-08-at-19.51.46.jpeg","url":"https:\/\/www.radiotime.it\/wp-content\/uploads\/2021\/12\/WhatsApp-Image-2021-12-08-at-19.51.46.jpeg","height":1350,"width":1080},"url":"https:\/\/www.radiotime.it\/2021\/12\/09\/semaforo-rosso-mercoledi-brancato-film\/","about":["Cinema e TV","News"],"wordCount":502,"keywords":["film","Guglielmo Brancato","presentazione","Semaforo Rosso"],"articleBody":"Mercoled\u00ec 22 dicembre in anteprima, presso il cinema Rouge et noir di Palermo, la presentazione di \u2018\u2019Semaforo Rosso\u2019\u2019, il primo lungometraggio del giovane regista Guglielmo Brancato. Un film nato grazie alla raccolta fondi svolta da ArteAtelier, per volont\u00e0 di Alessio Calestani, e alla profonda dedizione e creativit\u00e0 dei ragazzi che lo hanno prodotto. Il set si \u00e8 svolto prevalentemente presso appartamenti privati. Si ringraziano per la collaborazione il Tatum Jazz Club, l\u2019enoteca letteraria Prospero e l\u2019istituto Minutoli.Il film \u00e8 stato interamente girato su Palermo e dintorni, mettendo in luce una Palermo molto suggestiva e drammatica: una Palermo che pu\u00f2 avere una nuova identit\u00e0 fotografica, priva di sfumature mafiose sin troppo radicate nell\u2019immaginario collettivo siciliano.Scritto tra il 2019 ed il 2021, girato in un mese di set e postprodotto nel giro di nove mesi, Semaforo Rosso \u00e8 la storia di un suicida. Una storia che si svolge in quell\u2019intervallo di tempo in cui, avvenuto il suicidio, il cuore cessa di battere, ma la mente continua ad emettere scariche elettriche.Il corpo di Enea, morente, viene rinvenuto da un anziano signore che, dopo averlo messo al sicuro sul proprio divano, attende rinvenga. Una volta risvegliato, Enea racconta il motivo per cui sia stato trovato lungo quella strada. Inizia cos\u00ec il racconto, per flashback, dei motivi che lo hanno portato al suicidio. Tra questi, l\u2019amore ormai consumato per Maria, una fidanzata opprimente e non portata per l\u2019ascolto, l\u2019abbandono dei suoi genitori, e il tradimento consumato con Nadia, fonte di grandi sensi di colpa.&nbsp;\u2018\u2019Il semaforo \u00e8 un luogo astratto &#8211; dice Guglielmo -, dove l\u2019attesa, o meglio, la noia diviene materiale. Un giorno ho scelto di vivere la noia con consapevolezza. Non affrontando la pausa, si rischia una morte interiore. Non bisogna sfuggire al dolore, ma affrontarlo e sviscerarlo, riflettendo sul lungo termine. Amo il cinema degli esordi. Le mie principali ispirazioni sono No\u00e8, Von Trier e Malick. Ho amato Von Trier e la struttura narrativa di Nymphomaniac, No\u00e8 per un tipo di inquadrature che soltanto lui riesce a fare e Malick per l\u2019utilizzo del grandangolo\u2019&#8217;.Il regista sar\u00e0 presente in sala insieme agli attori protagonisti Paolo Catalano, Cecilia Minutoli, Federica Palmeri, al compositore delle musiche Vincenzo Lo Iacono, al sound designer Nicola Pergolini. Saranno presenti anche il montatore Giulio Gulizzi cos\u00ec come il direttore della fotografia Tony Capelli.Semaforo Rosso \u00e8 distribuito dalla neonata societ\u00e0 Marte Studios, una realt\u00e0 di produzione e distribuzione cinematografica nata dall\u2019incontro di sette giovani ragazzi italiani. La linea editoriale di Marte valorizza il cinema di Davide che si scontra con Golia. Un cinema per l\u2019indipendenza e per quella genuina immaturit\u00e0 giovanile che porta per\u00f2 a sperimentare senza remore. Un cinema che sia coralit\u00e0, lavoro di squadra. Il cinema sono le persone. Marte crede nelle persone dietro al cinema.&nbsp;Oltre che occuparsi strettamente di Produzione Cinematografica, Marte Studios orbita intorno a tutto ci\u00f2 che riguardi la produzione multimediale e la distribuzione dei suddetti prodotti."},{"@context":"https:\/\/schema.org\/","@type":"BreadcrumbList","itemListElement":[{"@type":"ListItem","position":1,"name":"2021","item":"https:\/\/www.radiotime.it\/2021\/#breadcrumbitem"},{"@type":"ListItem","position":2,"name":"12","item":"https:\/\/www.radiotime.it\/2021\/\/12\/#breadcrumbitem"},{"@type":"ListItem","position":3,"name":"09","item":"https:\/\/www.radiotime.it\/2021\/\/12\/\/09\/#breadcrumbitem"},{"@type":"ListItem","position":4,"name":"\u2018\u2019Semaforo Rosso\u2019\u2019: mercoled\u00ec 22 dicembre la presentazione del film di Guglielmo Brancato","item":"https:\/\/www.radiotime.it\/2021\/12\/09\/semaforo-rosso-mercoledi-brancato-film\/#breadcrumbitem"}]}]