[{"@context":"https:\/\/schema.org\/","@type":"NewsArticle","@id":"https:\/\/www.radiotime.it\/2021\/12\/22\/jovanotti-la-primavera-esce-quando-inizia-linverno\/#NewsArticle","mainEntityOfPage":"https:\/\/www.radiotime.it\/2021\/12\/22\/jovanotti-la-primavera-esce-quando-inizia-linverno\/","headline":"Jovanotti: &#8220;LA PRIMAVERA&#8221;\u00a0esce quando inizia l\u2019inverno","name":"Jovanotti: &#8220;LA PRIMAVERA&#8221;\u00a0esce quando inizia l\u2019inverno","description":"JOVANOTTI &#8220;LA PRIMAVERA&#8221; arriva il 17 dicembre Arriva in inverno la primavera d\u00ec Jovanotti che oggi, 17 dicembre, presenta una nuova puntata del Disco del Sole. Il Disco del Sole \u00e8 un oggetto volante non identificato, \u00e8 uno streaming, una filosofia ma soprattutto \u00e8 il flusso d\u00ec brani scritti da Lorenzo a due anni e [&hellip;]","datePublished":"2021-12-22","dateModified":"2021-12-22","author":{"@type":"Person","@id":"https:\/\/www.radiotime.it\/author\/n-scaletti\/#Person","name":"Nicol\u00f2 Scaletti","url":"https:\/\/www.radiotime.it\/author\/n-scaletti\/","identifier":25,"image":{"@type":"ImageObject","@id":"https:\/\/secure.gravatar.com\/avatar\/bba1484eb216f149643dfd8dbd9fc0ad?s=96&d=mm&r=g","url":"https:\/\/secure.gravatar.com\/avatar\/bba1484eb216f149643dfd8dbd9fc0ad?s=96&d=mm&r=g","height":96,"width":96}},"publisher":{"@type":"Organization","name":"RADIOTIME","logo":{"@type":"ImageObject","@id":"https:\/\/www.radiotime.it\/wp-content\/uploads\/2020\/02\/Logo_Time_1500-e1580898267395.png","url":"https:\/\/www.radiotime.it\/wp-content\/uploads\/2020\/02\/Logo_Time_1500-e1580898267395.png","width":600,"height":60}},"image":{"@type":"ImageObject","@id":"https:\/\/www.radiotime.it\/wp-content\/uploads\/2021\/12\/Jovanotti-La-Primavera-Il-disco-del-sole.jpg","url":"https:\/\/www.radiotime.it\/wp-content\/uploads\/2021\/12\/Jovanotti-La-Primavera-Il-disco-del-sole.jpg","height":675,"width":1200},"url":"https:\/\/www.radiotime.it\/2021\/12\/22\/jovanotti-la-primavera-esce-quando-inizia-linverno\/","video":{"@context":"http:\/\/schema.org\/","@type":"VideoObject","@id":"https:\/\/www.youtube.com\/watch?v=nmr1KCJ9qPs#VideoObject","contentUrl":"https:\/\/www.youtube.com\/watch?v=nmr1KCJ9qPs","name":"Jovanotti - La primavera","description":"\u201cLa Primavera\u201d, insieme a 4 nuove canzoni, \u00e8 disponibile qui: https:\/\/pld.lnk.to\/laprimavera\n \nDIRETTO DA TOMMASO OTTOMANO\nPRODUTTRICE SARA BARBARA\nCASA DI PRODUZIONE d\u2019ARIA\nDIRETTORE DELLA FOTOGRAFIA MARCO DE PASQUALE\nCOSTUMI SARA COSTANTINI\nSCENOGRAFIA MICHELA CROCI\nCAPO TRUCCATRICI VANESSA ICAREG\nINTERPRETATO DA LORENZO CHERUBINI, SATURNINO, RICCARDO ONORI, KALIFA KONE, TONI PANDOLFO, DIEGO BENZONI, GIUSEPPE GALLO, ALESSIA DI FIORE, CLAUDIO DEL TORO, AGATA CROCI, EDOARDO VOLPE\nAIUTO REGIA MARCO MUSSO\nASSISTENTE REGIA GIOVANNI VIGANO\nASSISTENTE CAMERA DAVIDE BONGIORNI\nAIUTO OPERATORE ARTURO BRUNETTI\nASSISTENTE COSTUMISTA GIULIA GIOVANELLI\nMASCHERE AGATA FERRARI BRAVO\nAIUTI SCENOGRAFI GIULIA CERAOLO, GIULIA CAPRA, REBECCA BIAGINI\nATTREZZISTA PAOLO BURINATO\nPARRUCCHIERA SARA BERGAGLIO\nASSISTENTE TRUCCATRICE CARLOTTA CANTONI\nASSISTENTE PARRUCCHIERA ILARIA BOSCO\nCOORDINATRICEE DI PRODUZIONE ANNA BEVILACQUA\nASSISTENTE DI PRODUZIONE FRANCESCO ALBANESI\nRUNNER NICOLA BORSONI\nFONICI MASSIMILIANO SANTILLO, MARCO LO TUFO\nCAPO ELETTRICISTA FILIPPO PASSARINI\nCAPO MACCHINISTA RICCARDO VILLELLA\nELETTRICISTI FRANCESCO GENTILI, GIANLUCA CRIVELLIN\nMACCHINISTI ALESSIO ZECCHINELLO, FABIO MACCHI\nTECNICI PALLONE A ELIO RICCARDO CHIRICI, DANIELE ADAMI\nFOTOGRAFI DI SCENA CHIARA FOSSATI, MICHELE LUGARESI\nVIDEO MAKER BACKSTAGE MICHELE LUGARESI\nCAPO TRASPORTI CORRADO TOCCO\nTRASPORTI BIGLIOLI, MORINI, MILANOTAXIOK\nMEDICO MARIO LONGO\nCATERING L\u2019OSTE SOBRIO\nGIRATO PRESSO TEATRO GRANDE DI BRESCIA\nSUPERVISIONE SVILUPPO E SCANSIONE PELLICOLE ILLMATIC FILM GROUP, LABORATORIO SVILUPPO E SCANSIONE, AUGUSTUS COLOR\n \nSI RINGRAZIA\nUMBERTO ANGELINI, ANNA BERSOTTI, WALTER BALLINI, FRANCESCA BELLONE, FILIPPO MARGAROLI, GUIDO BATTAGLIA, MARCO SORRENTINO, MARCO FUGAZZA, DALIA GABERSCIK, VALENTINA MOLINARI, LUCA DEGANI\n\nMusic video by Jovanotti performing La primavera. \u00a9 2021 Universal Music Italia Srl\n\nhttp:\/\/vevo.ly\/kgYM8D","thumbnailUrl":["https:\/\/i.ytimg.com\/vi\/nmr1KCJ9qPs\/default.jpg","https:\/\/i.ytimg.com\/vi\/nmr1KCJ9qPs\/mqdefault.jpg","https:\/\/i.ytimg.com\/vi\/nmr1KCJ9qPs\/hqdefault.jpg","https:\/\/i.ytimg.com\/vi\/nmr1KCJ9qPs\/sddefault.jpg","https:\/\/i.ytimg.com\/vi\/nmr1KCJ9qPs\/maxresdefault.jpg"],"uploadDate":"2021-12-17T13:54:35+00:00","duration":"PT5M","embedUrl":"https:\/\/www.youtube.com\/embed\/nmr1KCJ9qPs","publisher":{"@type":"Organization","@id":"https:\/\/www.youtube.com\/channel\/UCo2_12ngxa29S9OyFM3_UuA#Organization","url":"https:\/\/www.youtube.com\/channel\/UCo2_12ngxa29S9OyFM3_UuA","name":"LorenzoJovanottiVEVO","description":"","logo":{"url":"https:\/\/yt3.ggpht.com\/UR-KCSJz0gL3ysFCXaqH45SITAbSc1j49rZOezQPDA7fPvOxAlKuwV2aWrdVQRrYq4qpY5khvg=s800-c-k-c0x00ffffff-no-rj","width":800,"height":800,"@type":"ImageObject","@id":"https:\/\/www.youtube.com\/watch?v=nmr1KCJ9qPs#VideoObject_publisher_logo_ImageObject"}},"potentialAction":{"@type":"SeekToAction","@id":"https:\/\/www.youtube.com\/watch?v=nmr1KCJ9qPs#VideoObject_potentialAction","target":"https:\/\/www.youtube.com\/watch?v=nmr1KCJ9qPs&t={seek_to_second_number}","startOffset-input":"required name=seek_to_second_number"},"interactionStatistic":[[{"@type":"InteractionCounter","@id":"https:\/\/www.youtube.com\/watch?v=nmr1KCJ9qPs#VideoObject_interactionStatistic_WatchAction","interactionType":{"@type":"WatchAction"},"userInteractionCount":1954925}],{"@type":"InteractionCounter","@id":"https:\/\/www.youtube.com\/watch?v=nmr1KCJ9qPs#VideoObject_interactionStatistic_LikeAction","interactionType":{"@type":"LikeAction"},"userInteractionCount":15608}]},"about":["musica"],"wordCount":255,"keywords":["Jovanotti","LA PRIMAVERA","nuovo singolo"],"articleBody":"JOVANOTTI &#8220;LA PRIMAVERA&#8221; arriva il 17 dicembreArriva in inverno la primavera d\u00ec Jovanotti che oggi, 17 dicembre, presenta una nuova puntata del Disco del Sole.Il Disco del Sole \u00e8 un oggetto volante non identificato, \u00e8 uno streaming, una filosofia ma soprattutto \u00e8 il flusso d\u00ec brani scritti da Lorenzo a due anni e mezzo d\u00ec distanza da La nuova Era.La nuova musica esce quando \u00e8 pronta, senza uno schema, senza un piano deciso. Il flusso continua a scorrere.Jovanotti: &#8220;LA PRIMAVERA&#8221;\u00a0esce quando inizia l\u2019invernoOggi sono pronti cinque nuovi pezzi ed escono dappertutto a tracciare la via di un movimento costante che si comporr\u00e0 mese dopo mese, settimana dopo settimana, per un anno intero.Cinque brani inediti prodotti con Rick Rubin che salutano l\u2019arrivo dell\u2019inverno con questi primi raggi di sole. Con la pi\u00f9 bella palette di colori stagionali, fiorisce in 3\u201924\u2019\u2019 la focus track, la Primavera \u00e8 un vivido campionario di emozioni.\u201cLA PRIMAVERA\u00a0esce quando inizia l\u2019inverno, come un\u2019affermazione, una dichiarazione di intenti\u201c &#8211; ha dichiarato Lorenzo.Il video de La Primavera \u00e8 un corto cinematografico psichedelico, un video onirico, unico per la storia di Lorenzo. Nel video diretto da Tommaso Ottomano esplodono i colori ed \u00e8 delineato anche un forte racconto interiore. La primavera \u00e8 una stagione, ma anche un sentimento, \u00e8 un rifiorire della natura e anche della natura che \u00e8 dentro di noi. Ed \u00e8 cos\u00ec bella, spensierata, allegra e gioiosa forse anche perch\u00e9 prima\u2026. c\u2019\u00e8 l\u2019inverno."},{"@context":"https:\/\/schema.org\/","@type":"BreadcrumbList","itemListElement":[{"@type":"ListItem","position":1,"name":"2021","item":"https:\/\/www.radiotime.it\/2021\/#breadcrumbitem"},{"@type":"ListItem","position":2,"name":"12","item":"https:\/\/www.radiotime.it\/2021\/\/12\/#breadcrumbitem"},{"@type":"ListItem","position":3,"name":"22","item":"https:\/\/www.radiotime.it\/2021\/\/12\/\/22\/#breadcrumbitem"},{"@type":"ListItem","position":4,"name":"Jovanotti: &#8220;LA PRIMAVERA&#8221;\u00a0esce quando inizia l\u2019inverno","item":"https:\/\/www.radiotime.it\/2021\/12\/22\/jovanotti-la-primavera-esce-quando-inizia-linverno\/#breadcrumbitem"}]}]